{"provider_url": "https://www.trespassos.rs.leg.br", "title": "Feicap - edi\u00e7\u00e3o ouro \u00e9 tema da Tribuna Popular", "html": "<p>Foi realizada ontem dia 15 de abril, a sess\u00e3o ordin\u00e1ria da C\u00e2mara de Vereadores de Tr\u00eas Passos, sob a presid\u00eancia do vereador Vin\u00edcius Ara\u00fajo.</p>\r\n<p>No espa\u00e7o da Tribuna Popular tivemos a presen\u00e7a do Presidente da Feicap Alisson M\u00fcller e das soberanas Amanda Schaffer (rainha), J\u00falia Savian (1\u00aa princesa) e Alana Fran\u00e7a (2\u00aa princesa), que fizeram o convite para a feira e divulgaram a sua programa\u00e7\u00e3o.</p>\r\n<p>Esta 15\u00aa edi\u00e7\u00e3o da feira \u2013 edi\u00e7\u00e3o ouro marca os 50 anos de cria\u00e7\u00e3o da FEICAP, promovida pela primeira vez no ano de 1969. Desde 1998, quando foi retomada com a quinta edi\u00e7\u00e3o, a FEICAP \u00e9 realizada de forma ininterrupta.</p>\r\n<p>A Feicap 2019 acontece de 30 de abril a 05 de maio, e in\u00fameras atra\u00e7\u00f5es esperam pelos visitantes. No site www.feicap.com.br est\u00e3o todas as informa\u00e7\u00f5es a respeito do evento.</p>\r\n<p>Os vereadores Maria Helena, Edivan Baron, Ido Rhoden, Marli Franke, Arlei Tomazoni e Jair Locatelli fizeram uso do Grande Expediente.</p>\r\n<p>Deram entrada na C\u00e2mara tr\u00eas projetos de lei e foram lidos na sess\u00e3o:</p>\r\n<p>Projeto de Lei n\u00ba 5/19 - Fica denominada Rua Alcides Braun a Rua 2525, trecho compreendido entre a Av. da Rep\u00fablica e a Rua Floriano Peixoto, localizada no Bairro \u00c9rico Ver\u00edssimo, pr\u00f3ximo a antiga f\u00e1brica da Tecidos Braun.</p>\r\n<p>Projeto de Lei n\u00ba 6/19 - Fica denominada Rua Paulo Silvero Simsen a Rua 1515, trecho entre a Rua Renato Jos\u00e9 Oppermann e a Rua 1616, no Distrito de Padre Gonzales.</p>\r\n<p>Projeto de Decreto Legislativo N\u00ba 02/19 - Aprova o parecer pr\u00e9vio do Tribunal de contas do Estado, relativo \u00e0s contas de governo do Executivo Municipal de Tr\u00eas Passos exerc\u00edcio de 2016.</p>\r\n<p>Projeto de Lei N\u00ba 027/19 - Autoriza o Poder Executivo a proceder na contrata\u00e7\u00e3o emergencial de 01 (um) contador.</p>\r\n<p>Projetos Votados:</p>\r\n<p>- Projeto de Lei 22/19 - trata de contrata\u00e7\u00e3o emergencial de 2 professores de educa\u00e7\u00e3o f\u00edsica para atuarem junto ao NASF.</p>\r\n<p>- Projeto de lei n\u00ba 23/19 \u2013 Autoriza o Poder Executivo a proceder na altera\u00e7\u00e3o da Lei Municipal n\u00ba 3.305/1997, prorrogando o prazo para que os ocupantes de im\u00f3veis localizados no Bairro Frei Ol\u00edmpio possam regularizar a sua escritura, at\u00e9 31 de dezembro de 2020.</p>\r\n<p>- Projeto de Lei 24/19 - amplia a concess\u00e3o de carros de som de 6 para 10 ve\u00edculos.</p>\r\n<p>- Projeto de lei n\u00ba 25/2019 - Autoriza o Poder Executivo Municipal a proceder na contrata\u00e7\u00e3o emergencial de 3 (tr\u00eas) agentes comunit\u00e1rios de sa\u00fade.</p>\r\n<p>- Projeto de lei n\u00ba 26/2019 - Altera a Lei Municipal n\u00ba 5.403, de 04 de dezembro de 2018, corrigindo um erro de reda\u00e7\u00e3o de 40 para 44 horas semanais dos motoristas.</p>\r\n<p>- Projeto de Lei Legislativa 2/19 - Denomina as Ruas Francisco Andrighetto e Dary de Moraes Canova, localizadas no Loteamento Novo Loteamento Cidade.</p>\r\n<p>- Projeto de Decreto Legislativo n\u00ba 2/19 \u2013 Aprova o Parecer Pr\u00e9vio emitido pelo Tribunal de Contas do Estado, favor\u00e1vel \u00e0 aprova\u00e7\u00e3o das Contas de Governo do Prefeito Municipal do ano de 2016.<br /> <br />Pedidos de provid\u00eancias:<br />- Pintura dos muros, bancos e demais estruturas instaladas na pra\u00e7a constru\u00edda ao lado do pr\u00e9dio da Receita Federal.<br />- Instala\u00e7\u00e3o de um redutor de velocidade na Av. Costa e Silva, pr\u00f3ximo \u00e0 resid\u00eancia de n\u00ba 2628.</p>\r\n<p>Indica\u00e7\u00e3o: cria\u00e7\u00e3o do Programa \u201cCrian\u00e7a Segura\u201d, objetivando a preven\u00e7\u00e3o contra atos de viol\u00eancia que coloquem em risco a seguran\u00e7a de professores, alunos e funcion\u00e1rios das escolas municipais.</p>", "author_name": "camaratp", "version": "1.0", "author_url": "https://www.trespassos.rs.leg.br/author/camaratp", "provider_name": "C\u00e2mara Municipal de Tr\u00eas Passos - RS", "type": "rich"}