{"provider_url": "https://www.trespassos.rs.leg.br", "title": "HOMENAGEADA: CL\u00c1UDIA HASS HAHN", "html": "<p>Foi realizada no dia 10 de mar\u00e7o, a 2\u00aa Sess\u00e3o Solene em homenagem \u00e0s Mulheres, com entrega de \"T\u00edtulo de Honra ao M\u00e9rito do Poder Legislativo,\", que tem por finalidade homenagear cidad\u00e3s que, por motivos relevantes, tenham se tornadas merecedoras do reconhecimento do Parlamento desta cidade.</p>\r\n<p><strong><span style=\"text-align: justify; \">Conhe\u00e7a um pouco da hist\u00f3ria da homenageada:</span></strong></p>\r\n<p style=\"text-align: justify; \"><em><strong>CL\u00c1UDIA HAAS HAHN</strong> NASCEU NO DIA 26 DE MAR\u00c7O DE 1965, EM TR\u00caS PASSOS. \u00c9 FILHA DE ELLI E AL\u00cdPIO HAAS (AMBOS EM MEM\u00d3RIA). \u00c9 CASADA COM ERNANI CEZAR HAHN, M\u00c3E DE EDUARDO E SOGRA DE LUNA. ATUALMENTE RESIDE NA LOCALIDADE DE LINHA CACHIMBO PERDIDO.</em></p>\r\n<p style=\"text-align: justify; \"><em>TEM NOVE IRM\u00c3OS: JORGE, IURI E NILSON (EM MEM\u00d3RIA), LUIZ, CLAUDETE, LA\u00cdDES, NOELI E ERTON.</em></p>\r\n<p style=\"text-align: justify; \"><em>VIVEU TODA A SUA INF\u00c2NCIA E ADOLESC\u00caNCIA NO DISTRITO DE PADRE GONZALES, ONDE CRESCEU, ESTUDOU E RECEBEU OS ENSINAMENTOS CRIST\u00c3OS JUNTO \u00c0 SUA FAM\u00cdLIA. O ENSINO M\u00c9DIO FOI REALIZADO NO COL\u00c9GIO ESP\u00cdRITO SANTO, ONDE CURSOU O MAGIST\u00c9RIO.</em></p>\r\n<p style=\"text-align: justify; \"><em>SUA FORMA\u00c7\u00c3O NO ENSINO SUPERIOR FOI REALIZADA NA UNIJU\u00cd, CAMPUS DE IJU\u00cd, ONDE GRADUOU-SE EM CI\u00caNCIAS HUMANAS.</em></p>\r\n<p style=\"text-align: justify; \"><em>DESDE OS 18 ANOS EXERCEU A PROFISS\u00c3O DE PROFESSORA, INICIANDO SUA CAMINHADA NAS ESCOLAS MUNICIPAIS E, POSTERIORMENTE, NAS ESCOLAS ESTADUAIS DE TR\u00caS PASSOS. A ESCOLA EM QUE MAIS ATUOU FOI A ESCOLA ESTADUAL DE EDUCA\u00c7\u00c3O B\u00c1SICA DE PADRE GONZALES, ONDE TRABALHOU POR CERCA DE 20 ANOS, SENDO 12 DELES NA DIRE\u00c7\u00c3O DA INSTITUI\u00c7\u00c3O.</em></p>\r\n<p style=\"text-align: justify; \"><em>DURANTE ESSE PER\u00cdODO, LIDEROU E COLABOROU COM DIVERSOS PROJETOS IMPORTANTES PARA A COMUNIDADE ESCOLAR, ENTRE ELES A AMPLIA\u00c7\u00c3O DA ESCOLA COM NOVAS SALAS DE AULA E REFEIT\u00d3RIO, A CONSTRU\u00c7\u00c3O DE UMA QUADRA DE ESPORTES, A IMPLANTA\u00c7\u00c3O DE UM PARQUINHO INFANTIL, A CONSTRU\u00c7\u00c3O DE UMA \u00c1REA COBERTA E DE UM GALP\u00c3O CRIOULO, ENTRE OUTRAS MELHORIAS.</em></p>\r\n<p style=\"text-align: justify; \"><em>SEMPRE DEMONSTROU GRANDE PREOCUPA\u00c7\u00c3O COM A ORGANIZA\u00c7\u00c3O PEDAG\u00d3GICA, PRIORIZANDO A APRENDIZAGEM E A VALORIZA\u00c7\u00c3O DOS ALUNOS, PROFESSORES, PAIS E FUNCION\u00c1RIOS. TAMB\u00c9M APOIAVA E PARTICIPAVA ATIVAMENTE DAS ATIVIDADES DA COMUNIDADE DO DISTRITO, ESPECIALMENTE DA TRADICIONAL FESTA DO COLONO E MOTORISTA.</em></p>\r\n<p style=\"text-align: justify; \"><em>CL\u00c1UDIA SEMPRE TEVE MUITO ORGULHO DE TRABALHAR NA ESCOLA DE PADRE GONZALES, PRINCIPALMENTE POR SER FILHA DAQUELA COMUNIDADE.</em></p>\r\n<p style=\"text-align: justify; \"><em>ATUALMENTE EST\u00c1 APOSENTADA DA EDUCA\u00c7\u00c3O, MAS CONTINUA ATUANDO COM DEDICA\u00c7\u00c3O NA PROPRIEDADE DA FAM\u00cdLIA, TRABALHANDO NA AGRICULTURA, COM ATIVIDADES LIGADAS \u00c0 CRIA\u00c7\u00c3O DE AVES, SU\u00cdNOS, OVELHAS, PEIXES, CAVALOS E GADO.</em></p>\r\n<p style=\"text-align: justify; \"><em>SENDO FILHA DE AGRICULTOR E ESPOSA DE AGRICULTOR, SEMPRE TEVE FORTE LIGA\u00c7\u00c3O COM O AGRO E, HOJE, SE DEFINE COMO EMPREENDEDORA RURAL, ACREDITANDO, APOIANDO E CONTRIBUINDO PARA O CRESCIMENTO DESSE IMPORTANTE SETOR.</em></p>\r\n<p style=\"text-align: justify; \"><em>TAMB\u00c9M EXERCE PAPEL ATIVO EM ENTIDADES DA COMUNIDADE. INTEGRA A DIRETORIA DA ASSUIPASSOS \u2013 ASSOCIA\u00c7\u00c3O DOS SUINOCULTORES DE TR\u00caS PASSOS, ONDE ATUA COMO SECRET\u00c1RIA. AL\u00c9M DISSO, \u00c9 COORDENADORA DO SICREDI RAIZ, DA AG\u00caNCIA COSTA E SILVA, REPRESENTANDO AS MULHERES DO AGRO.</em></p>\r\n<p style=\"text-align: justify; \"><em>H\u00c1 17 ANOS REALIZA TRABALHO VOLUNT\u00c1RIO JUNTO \u00c0 APAE DE TR\u00caS PASSOS, ONDE ATUOU POR 16 ANOS COMO SECRET\u00c1RIA DA DIRETORIA E, A PARTIR DESTE ANO, ASSUMIU A FUN\u00c7\u00c3O DE VICE-PRESIDENTE DA ENTIDADE.</em></p>\r\n<p style=\"text-align: justify; \"><em>EM 2019 FOI DIAGNOSTICADA SIMULTANEAMENTE COM C\u00c2NCER DE MAMA E C\u00c2NCER NO INTESTINO. FOI UM PER\u00cdODO DIF\u00cdCIL, MARCADO POR MUITA LUTA, F\u00c9 E FOR\u00c7A DE VONTADE. COM O APOIO DE FAMILIARES, AMIGOS E PROFISSIONAIS DA SA\u00daDE, SUPEROU ESSA FASE E TORNOU-SE EXEMPLO DE SUPERA\u00c7\u00c3O.</em></p>\r\n<p style=\"text-align: justify; \"><em>DESDE ENT\u00c3O, PASSOU A INTEGRAR O GRUPO MULHERES LUTADORAS E VENCEDORAS DE TR\u00caS PASSOS, QUE REALIZA UM TRABALHO MUITO IMPORTANTE DE APOIO E ACOLHIMENTO A MULHERES QUE ENFRENTAM O C\u00c2NCER. O GRUPO PROMOVE ENCONTROS, TROCA DE EXPERI\u00caNCIAS, PALESTRAS E A\u00c7\u00d5ES DE APOIO \u00c0S PACIENTES E SUAS FAM\u00cdLIAS. DESSA VIV\u00caNCIA TAMB\u00c9M NASCEU O LIVRO \u201cRENASCER \u2013 RECONSTRUIR\u201d, QUE RE\u00daNE DEPOIMENTOS PESSOAIS DAS INTEGRANTES DO GRUPO.</em></p>\r\n<p style=\"text-align: justify; \"><em>CL\u00c1UDIA, ASSIM COMO MUITAS MULHERES DO NOSSO MUNIC\u00cdPIO, \u00c9 TEMENTE A DEUS E ACREDITA NA FOR\u00c7A DA FAM\u00cdLIA, NA EDUCA\u00c7\u00c3O, NA COOPERA\u00c7\u00c3O ENTRE AS PESSOAS, NA VALORIZA\u00c7\u00c3O DO AGRO, NO AVAN\u00c7O DOS TRATAMENTOS DE SA\u00daDE E NA IMPORT\u00c2NCIA DA AJUDA M\u00daTUA.</em></p>\r\n<p style=\"text-align: justify; \"><em>TEM COMO LEMA DE VIDA: \u201cNINGU\u00c9M TEM O DIREITO DE DEIXAR SEU SEMELHANTE TRISTE.\u201d</em></p>\r\n<p>\u00a0<em style=\"text-align: justify; \">SUA TRAJET\u00d3RIA \u00c9 MARCADA PELA DEDICA\u00c7\u00c3O \u00c0 EDUCA\u00c7\u00c3O, PELO AMOR \u00c0 FAM\u00cdLIA, PELO COMPROMISSO COM O TRABALHO COMUNIT\u00c1RIO, PELA VALORIZA\u00c7\u00c3O DO AGRO E PELA FOR\u00c7A E SUPERA\u00c7\u00c3O DIANTE DOS DESAFIOS DA VIDA, SENDO EXEMPLO DE F\u00c9, CORAGEM E SOLIDARIEDADE PARA TODA A COMUNIDADE.</em></p>", "author_name": "", "version": "1.0", "author_url": "https://www.trespassos.rs.leg.br/author/Camara", "provider_name": "C\u00e2mara Municipal de Tr\u00eas Passos - RS", "type": "rich"}