{"provider_url": "https://www.trespassos.rs.leg.br", "title": "2\u00aa SESS\u00c3O ORDIN\u00c1RIA REALIZADA EM 2021", "html": "<p>\u00a0</p>\r\n<p align=\"justify\"><span><span><span><span><span><span><span><span>N</span></span></span></span></span></span><span><span><span><span><span><span>a data de ontem, 08 de fevereiro, foi realizada a 2\u00aa Sess\u00e3o Ordin\u00e1ria, s</span></span></span></span></span></span><span><span><span><span><span><span>ob a Presid\u00eancia do vereador Paulinho Sattler, onde foram </span></span></span></span></span></span><span><span><span><span><span><span>votados os projetos</span></span></span></span></span></span><span><span><span><span><span><span> abaixo relacionadas:</span></span></span></span></span></span><span><span> </span></span></span></span></p>\r\n<p><span><b>** PROJETOS </b></span><span><b>VOTADOS NA ORDEM DO DIA**</b></span></p>\r\n<p><span><b></b></span><a class=\"external-link\" href=\"https://sapl.trespassos.rs.leg.br/materia/1378\" target=\"_self\" title=\"\">\u2705Projeto de Lei Complementar n\u00ba 1 de 2021-Autoriza o Poder Executivo Municipal a proceder altera\u00e7\u00e3o na forma de parcelamento e concess\u00e3o de descontos para pagamento do Imposto Predial e Territorial Urbano - IPTU para o exerc\u00edcio de 2021, e d\u00e1 outras provid\u00eancias.</a></p>\r\n<p align=\"justify\"><span><span><span><b><span><span><span><span><span>*APROVADO POR UNANIMIDADE</span></span></span></span></span></b></span></span></span></p>\r\n<p align=\"justify\"><span><span><span><b><span><span><span><span><span></span></span></span></span></span></b></span></span></span>\u2705<a class=\"external-link\" href=\"https://sapl.trespassos.rs.leg.br/materia/1362\" target=\"_self\" title=\"\">Projeto de Lei Ordin\u00e1ria n\u00ba 1 de 2021- Autoriza o Poder Executivo Municipal a proceder na concess\u00e3o de parcelamento da d\u00edvida ativa aos contribuintes em d\u00e9bito com o fisco municipal, em at\u00e9 60 meses, referente \u00e0s d\u00edvidas inscritas at\u00e9 o dia 31de dezembro de 2020, observando-se o valor m\u00ednimo de R$ 50,00 por parcela, as quais ser\u00e3o mensais e sucessivas.</a></p>\r\n<p align=\"justify\"><span><span><span><b><span><span><span>*APROVADO POR UNANIMIDADE</span></span></span></b></span></span></span></p>\r\n<p align=\"justify\">\u2705<a class=\"external-link\" href=\"https://sapl.trespassos.rs.leg.br/materia/1372\" target=\"_self\" title=\"\">Projeto de Lei Ordin\u00e1ria n\u00ba 11 de 2021-Autoriza o Poder Executivo Municipal a contratar temporariamente e sob regime emergencial e de excepcional interesse p\u00fablico um T\u00e9cnico Agr\u00edcola </a><a class=\"external-link\" href=\"https://sapl.trespassos.rs.leg.br/materia/1372\" target=\"_self\" title=\"\">para atuar junto ao Programa Semeando Educa\u00e7\u00e3o e Sa\u00fade na Agricultura Familiar.</a></p>\r\n<p align=\"justify\"><span><span><span><span><span><span><span><b><span><span>*</span></span></b></span></span></span></span></span><span><span><span><span><span><span><b><span>O Presidente da C\u00e2mara solicitou a retirada de vota\u00e7\u00e3o, para fins de solicitar maiores esclarecimentos a respeito do projeto, sendo </span></b></span></span></span></span></span><span><span><span><span><span><b><span>que</span></b></span></span></span></span></span><span><span><span><span><span><b><span> o pedido foi aprovado em plen\u00e1rio, por unanimidade.</span></b></span></span></span></span></span></span></span></span></p>\r\n<p align=\"justify\">\u2705<a class=\"external-link\" href=\"https://sapl.trespassos.rs.leg.br/materia/1375\" target=\"_self\" title=\"\">Projeto de Lei Legislativa n\u00ba 1 de 2021- </a><a class=\"external-link\" href=\"https://sapl.trespassos.rs.leg.br/materia/1375\" target=\"_self\" title=\"\">Disp\u00f5e sobre a obrigatoriedade de instala\u00e7\u00e3o de banheiros e bebedouros, nas institui\u00e7\u00f5es banc\u00e1rias e cooperativas de cr\u00e9dito que possuam ag\u00eancias localizadas no Munic\u00edpio de Tr\u00eas Passos.</a></p>\r\n<p align=\"justify\"><span><span><span><b><span><span><span>*APROVADO POR UNANIMIDADE</span></span></span></b></span></span></span></p>\r\n<p align=\"justify\">\u00a0</p>\r\n<p align=\"justify\">Foi colocado em vota\u00e7\u00e3o o acordo de L\u00edderes de Bancada para realiza\u00e7\u00e3o da Sess\u00e3o Plen\u00e1ria Ordin\u00e1ria no qual ser\u00e1 realizada no dia 18 de fevereiro (quinta-feira), sendo aprovado em plen\u00e1rio, por unanimidade.</p>\r\n<p align=\"justify\"><b>***GRANDE EXPEDIENTE***</b></p>\r\n<p align=\"justify\"><span><span><span><span><span><span><span><span><span>O</span></span></span></span></span></span></span><span><span><span><span><span><span><span>s vereadores </span></span></span></span></span></span><span><span><span><span><span><span>que </span></span></span></span></span></span><span><span><span><span><span><span>utilizaram o espa\u00e7o de discurso no Grande Expediente </span></span></span></span></span></span><span><span><span><span><span><span>foram: </span></span></span></span></span></span><span><span><span><span><span><span>Nader Ali Umar, Gilmar Maier, Edivan Baron, Jo\u00e3o Roque Boll, Diego Maciel, Paulinho Sattler, Daiana Bald, Luis da Silva e Jair Locatelli</span></span></span></span></span></span><span><span><span><span><span><span>.</span></span></span></span></span></span></span></span></span></p>\r\n<p align=\"justify\"><b>***E</b><b>NCAMINHAMENTO DE PEDIDO\u00a0</b><b>DE INFORMA\u00c7\u00c3O***</b></p>\r\n<p align=\"justify\"><span><span><span><span><span> </span></span></span></span></span><span><span><span><span><span><span><span><span>F</span></span></span></span></span></span></span><span><span><span><span><span><span><span>oi encaminhado ao Poder Executivo o seguinte pedido </span></span></span></span></span></span><span><span><span><span><span><span>de informa\u00e7\u00e3o:</span></span></span></span></span></span></span></span></p>\r\n<p align=\"justify\"><span><span><span><span><span><span>* Pedido de Informa\u00e7\u00e3o n\u00ba 1/21 \u2013 Solicita\u00e7\u00e3o dos seguintes documentos ao Prefeito Municipal - c\u00f3pia da ata de transmiss\u00e3o do cargo de Prefeito, de 31/12/2020, e relat\u00f3rios cont\u00e1beis anexos, bem como dos dias 15/12/2020, 31/12/2020, 04/01/2021 e 29/01/2021. </span></span></span></span></span></span></p>\r\n<p>\u00a0</p>", "author_name": "", "version": "1.0", "author_url": "https://www.trespassos.rs.leg.br/author/Camara", "provider_name": "C\u00e2mara Municipal de Tr\u00eas Passos - RS", "type": "rich"}