{"provider_url": "https://www.trespassos.rs.leg.br", "title": "ACOMPANHE O RESUMO DA 15\u00aa SESS\u00c3O ORDIN\u00c1RIA", "html": "<p class=\"MsoNormal\" style=\"text-align:justify; \"><span>A C\u00e2mara de Vereadores de Tr\u00eas Passos realizou na noite desta segunda-feira (10) a 15\u00aa Sess\u00e3o Ordin\u00e1ria. A Sess\u00e3o foi realizada no plen\u00e1rio do Legislativo com transmiss\u00e3o ao vivo por meio da p\u00e1gina da C\u00e2mara no Facebook e posteriormente sendo transmitida pela R\u00e1dio Difusora.</span></p>\r\n<p class=\"MsoNormal\" style=\"text-align:justify; \"><b><span>*** ORDEM DO DIA***</span></b><span></span></p>\r\n<p class=\"Standard\" style=\"text-align:justify; \"><span>\u2705</span><span><a class=\"external-link\" href=\"https://sapl.trespassos.rs.leg.br/materia/1466\" target=\"_self\" title=\"\">Projeto de Lei Ordin\u00e1ria n\u00ba 27 de 2021: Autoriza o Poder Executivo Municipal a ceder servidor p\u00fablico para o Col\u00e9gio Ipiranga \u2013 Institui\u00e7\u00e3o Sinodal de Assist\u00eancia, Educa\u00e7\u00e3o e Cultura (ISAEC), e d\u00e1 outras provid\u00eancias.</a></span><span></span></p>\r\n<p class=\"MsoNormal\" style=\"text-align:justify; \"><span>\u25b6</span><span>\ufe0f</span><b><span> </span></b>O vereador Flavio Habitzreiter - PTB solicitou o adiamento da vota\u00e7\u00e3o e vistas da mat\u00e9ria, para fins de solicitar maiores esclarecimentos a respeito do projeto, sendo\u00a0que\u00a0o pedido foi aprovado em plen\u00e1rio, por unanimidade.</p>\r\n<hr />\r\n<p class=\"Standard\" style=\"text-align:justify; \"><b><span>**RESUMO DOS PROJETOS DE LEIS QUE FORAM LIDOS NO EXPEDIENTE**</span></b></p>\r\n<p class=\"MsoNormal\" style=\"text-align:justify; \">\u00a0</p>\r\n<p class=\"Standard\" style=\"text-align:justify; \"><span>\u2705</span><span><a class=\"external-link\" href=\"https://sapl.trespassos.rs.leg.br/materia/1530\" target=\"_self\" title=\"\">Projeto de Lei Ordin\u00e1ria n\u00ba 36 de<span>\u00a0 </span>2021 -<span>\u00a0 </span>Institui<span>\u00a0 </span>o Programa Municipal de Agroind\u00fastria de Tr\u00eas Passos e d\u00e1 outras Provid\u00eancias. </a></span></p>\r\n<p class=\"Standard\" style=\"text-align:justify; \"><span><a class=\"external-link\" href=\"https://sapl.trespassos.rs.leg.br/materia/1530\" target=\"_self\" title=\"\">Este projeto visa a apoiar e fomentar, atrav\u00e9s da Secretaria Municipal de Agricultura \u2013 SMAG, em parceria com outras secretarias municipais, \u00f3rg\u00e3os municipais, estaduais e federais e demais entidades organizadas e afins a instala\u00e7\u00e3o, adequa\u00e7\u00e3o e legaliza\u00e7\u00e3o de agroind\u00fastrias visando a valoriza\u00e7\u00e3o da produ\u00e7\u00e3o local, a gera\u00e7\u00e3o de emprego e renda e a melhoria da qualidade de vida da popula\u00e7\u00e3o do Munic\u00edpio de Tr\u00eas Passos-RS.</a></span></p>\r\n<p class=\"Standard\" style=\"text-align:justify; \"><span>DESIGNA\u00c7\u00c3O DOS RELATORES NAS COMISS\u00d5ES PERMANENTES:</span><span></span></p>\r\n<p class=\"Standard\" style=\"text-align:justify; \"><span>CCR:<span>\u00a0 </span>Vereador Jair Locatelli</span></p>\r\n<p class=\"Standard\" style=\"text-align:justify; \"><span>COF: Vereador Luis da Silva</span></p>\r\n<p class=\"Standard\" style=\"text-align:justify; \"><span></span><span>\u2705</span><span><a class=\"external-link\" href=\"https://sapl.trespassos.rs.leg.br/materia/1531\" target=\"_self\" title=\"\">Projeto de Lei Ordin\u00e1ria n\u00ba 37 de 2021 - Autoriza abertura de cr\u00e9dito especial para indeniza\u00e7\u00e3o de \u00e1rea desapropriada no valor de R$ 98.432,98 (noventa e oito mil, quatrocentos e trinta e dois reais e noventa e oito centavos).</a></span></p>\r\n<p class=\"Standard\" style=\"text-align:justify; \"><span><a class=\"external-link\" href=\"https://sapl.trespassos.rs.leg.br/materia/1531\" target=\"_self\" title=\"\">Este projeto objetiva a adequa\u00e7\u00e3o correta da despesa de indeniza\u00e7\u00e3o de \u00e1rea desapropriada, autorizada atrav\u00e9s da Lei Municipal 5.616, de 2021, uma vez que tal despesa n\u00e3o estava contemplada no or\u00e7amento de 2021, fazendo-se necess\u00e1ria a correta contabiliza\u00e7\u00e3o da despesa.</a></span></p>\r\n<p class=\"Standard\" style=\"text-align:justify; \"><span>DESIGNA\u00c7\u00c3O DO RELATOR NA COMISS\u00c3O PERMANENTE:</span></p>\r\n<p class=\"Standard\" style=\"text-align:justify; \"><span>COF: Vereador Luis da Silva</span></p>\r\n<p class=\"Standard\" style=\"text-align:justify; \">\u00a0</p>\r\n<hr />\r\n<p class=\"Standard\" style=\"text-align:justify; \"><b><span>*** RESUMO DAS INDICA\u00c7\u00d5ES, PEDIDOS DE INFORMA\u00c7\u00d5ES, PEDIDOS DE PROVID\u00caNCIAS E REQUERIMENTOS APRESENTADOS PELOS PARLAMENTARES***</span></b></p>\r\n<p class=\"MsoNormal\" style=\"text-align:justify; \">\u00a0</p>\r\n<p class=\"Standard\" style=\"text-align:justify; \"><span>\u25b6</span><span>\ufe0f</span><span><a class=\"external-link\" href=\"https://sapl.trespassos.rs.leg.br/materia/1524\" target=\"_self\" title=\"\">Indica\u00e7\u00e3o n\u00ba 35 de 2021 \u2013 Sugerem a realiza\u00e7\u00e3o de um estudo, por parte da Secretaria Municipal de Obras e Via\u00e7\u00e3o, para instala\u00e7\u00e3o de placas de sinaliza\u00e7\u00e3o das vias preferenciais em nossa cidade, pois atualmente apenas alguns entroncamentos contam com tais placas de tr\u00e2nsito. Autores: Sandro Radaelli, Diego Maciel, Edivan Baron, Flavio Habitzreiter, Luis da Silva, Paulo Sattler.</a></span></p>\r\n<p class=\"Standard\" style=\"text-align:justify; \"><span>\u25b6</span><span>\ufe0f</span><span><a class=\"external-link\" href=\"https://sapl.trespassos.rs.leg.br/materia/1529\" target=\"_self\" title=\"\">Indica\u00e7\u00e3o n\u00ba 36 de 2021 \u2013 Sugere a constru\u00e7\u00e3o do Centro de conviv\u00eancia do idoso. Autor: Luis Costa.</a></span></p>\r\n<p class=\"Standard\" style=\"text-align:justify; \"><span>\u25b6</span><a class=\"external-link\" href=\"https://sapl.trespassos.rs.leg.br/materia/1534\" target=\"_self\" title=\"\"><span>\ufe0f</span><span>Indica\u00e7\u00e3o n\u00ba 37 de 2021 \u2013 Sugerem a retomada das a\u00e7\u00f5es de reperfilamento nas ruas da cidade, pois trata-se de um pedido de diversos mun\u00edcipes. Autores: Paulo Sattler, Sandro Radaelli, Diego Maciel, Edivan Baron, Flavio Habitzreiter, Luis da Silva.</span></a></p>\r\n<p class=\"Standard\" style=\"text-align:justify; \"><span>\u25b6</span><a class=\"external-link\" href=\"https://sapl.trespassos.rs.leg.br/materia/1522\" target=\"_self\" title=\"\"><span>\ufe0f</span><span>Pedido de Provid\u00eancias n\u00ba 53 de 2021 \u2013 Solicitam melhorias urgentes, com patrolamento, encascalhamento e passagem de rolo, na Rua Carlota Joaquina, em um trecho de 150 metros, pr\u00f3ximo ao entroncamento com a Rua Ulysses Guimar\u00e3es, no Loteamento Jardim do Vale. Autores: Luis da Silva, Diego Maciel, Edivan Baron, Flavio Habitzreiter, Paulo Sattler, Sandro Radaelli.</span></a></p>\r\n<p class=\"Standard\" style=\"text-align:justify; \"><span>\u25b6</span><a class=\"external-link\" href=\"https://sapl.trespassos.rs.leg.br/materia/1523\" target=\"_self\" title=\"\"><span>\ufe0f</span><span>Pedido de Provid\u00eancias n\u00ba 54 de 2021 \u2013 Solicitam a drenagem na Rua Fausto A. Beltrame, localizada no Loteamento Jardim do Vale, entre as resid\u00eancias de n\u00bas 127, 133 e 145. Autores: Luis da Silva, Diego Maciel, Edivan Baron, Flavio Habitzreiter, Paulo Sattler, Sandro Radaelli.</span></a></p>\r\n<p class=\"Standard\" style=\"text-align:justify; \"><span>\u25b6</span><a class=\"external-link\" href=\"https://sapl.trespassos.rs.leg.br/materia/1525\" target=\"_self\" title=\"\"><span>\ufe0f</span><span>Pedido de Provid\u00eancias n\u00ba 55 de 2021 \u2013 Solicitam a instala\u00e7\u00e3o de lombada na Rua David Canabarro e pintura de faixa de seguran\u00e7a, no entroncamento com a Rua Pedro Alc\u00e2ntara, Bairro \u00c9rico Ver\u00edssimo. Autores: Sandro Radaelli, Diego Maciel, Edivan Baron, Flavio Habitzreiter, Luis da Silva, Paulo Sattler.</span></a></p>\r\n<p class=\"Standard\" style=\"text-align:justify; \"><span>\u25b6</span><span>\ufe0f</span><span><a class=\"external-link\" href=\"https://sapl.trespassos.rs.leg.br/materia/1526\" target=\"_self\" title=\"\">Pedido de Provid\u00eancias n\u00ba 56 de 2021 \u2013 Solicitam a instala\u00e7\u00e3o de tubula\u00e7\u00e3o pluvial entre as Ruas Petr\u00f4nio Portela e Santo Ant\u00f4nio, no prolongamento da Rua Ana Neri, Bairro Webers. Autores: Sandro Radaelli, Diego Maciel, Edivan Baron, Flavio Habitzreiter, Luis da Silva, Paulo Sattler.</a></span></p>\r\n<p class=\"Standard\" style=\"text-align:justify; \"><span>\u25b6</span><span>\ufe0f</span><span><a class=\"external-link\" href=\"https://sapl.trespassos.rs.leg.br/materia/1527\" target=\"_self\" title=\"\">Pedido de Provid\u00eancias n\u00ba 57 de<span>\u00a0 </span>2021 \u2013 Solicitam a mudan\u00e7a do local para embarque e desembarque de pessoas com de\ufb01ci\u00eancia em frente a Vara da Justi\u00e7a de Trabalho, pois existe uma lixeira que impossibilita o movimento de cadeirantes. Autores: Sandro Radaelli, Diego Maciel, Edivan Baron, Flavio Habitzreiter, Luis da Silva, Paulo Sattler.</a></span></p>\r\n<p class=\"Standard\" style=\"text-align:justify; \"><span>\u25b6</span><span>\ufe0f</span><span><a class=\"external-link\" href=\"https://sapl.trespassos.rs.leg.br/materia/1528\" target=\"_self\" title=\"\">Pedido<span>\u00a0 </span>de<span>\u00a0 </span>Provid\u00eancias<span>\u00a0 </span>n\u00ba 58 de 2021 \u2013 Solicitam<span>\u00a0 </span>a coloca\u00e7\u00e3o de local espec\u00ed\ufb01co para embarque e desembarque de pessoas com de\ufb01ci\u00eancia em frente ao cinema e ao Banrisul, pois atualmente s\u00f3 existe a faixa amarela de estacionamento. Autores: Sandro Radaelli, Diego Maciel, Edivan Baron, Flavio Habitzreiter, Luis da Silva, Paulo Sattler.</a></span></p>\r\n<p class=\"Standard\" style=\"text-align:justify; \"><span>\u25b6</span><span>\ufe0f</span><span><a class=\"external-link\" href=\"https://sapl.trespassos.rs.leg.br/materia/1532\" target=\"_self\" title=\"\">Pedido de Provid\u00eancias n\u00ba 59 de 2021 \u2013 Solicitam melhorias na estrada de Cachimbo Perdido (Adelar Dickel). Autores: Paulo Sattler, Luis da Silva, Diego Maciel, Edivan Baron, Flavio Habitzreiter, Sandro Radaelli.</a></span></p>\r\n<p class=\"Standard\" style=\"text-align:justify; \"><span>\u25b6</span><span>\ufe0f</span><span><a class=\"external-link\" href=\"https://sapl.trespassos.rs.leg.br/materia/1533\" target=\"_self\" title=\"\">Pedido de Provid\u00eancias n\u00ba 60 de 2021 \u2013 Solicitam o empr\u00e9stimo do caminh\u00e3o para troca da ilumina\u00e7\u00e3o na sede da AABB. Autores: Paulo Sattler, Luis da Silva, Diego Maciel, Edivan Baron, Flavio Habitzreiter, Sandro Radaelli.</a></span></p>\r\n<p><span style=\"text-align: justify; \">\u25b6</span><span style=\"text-align: justify; \">\ufe0f</span><span style=\"text-align: justify; \"><a class=\"external-link\" href=\"https://sapl.trespassos.rs.leg.br/materia/1520\" target=\"_self\" title=\"\">Requerimento n\u00ba 16 de 2021 - Envio de of\u00edcio a deputados federais e senadores ga\u00fachos bem como ao Governo Federal requerendo a cria\u00e7\u00e3o de aux\u00edlio funeral de 4 meses. Autor: Luis Costa.</a></span></p>\r\n<p class=\"LO-Normal1\" style=\"text-align:justify; \"><b><span>* APROVADOS POR UNANIMIDADE</span></b><span></span></p>\r\n<p class=\"Standard\" style=\"text-align:justify; \"><span>\u25b6</span><span>\ufe0f</span><span><a class=\"external-link\" href=\"https://sapl.trespassos.rs.leg.br/materia/1521\" target=\"_self\" title=\"\">Requerimento<span>\u00a0 </span>n\u00ba<span>\u00a0 </span>17<span>\u00a0 </span>de<span>\u00a0 </span>2021 - Requerem seja enviado of\u00edcio \u00e0 Superintend\u00eancia Regional do DAER de Palmeira das Miss\u00f5es, solicitando a instala\u00e7\u00e3o de acostamento junto \u00e0 pista da Rodovia RSC 472, no trecho entre os trevos de acesso ao Distrito de Padre Gonzales e \u00e0 cidade de Tiradentes do Sul at\u00e9 o acesso \u00e0s cidades de Esperan\u00e7a do Sul e Tenente Portela. Autores: Luis da Silva, Diego<span>\u00a0 </span>Maciel, Edivan Baron, Flavio Habitzreiter, Paulo Sattler, Sandro Radaelli.</a></span></p>\r\n<p class=\"LO-Normal1\" style=\"text-align:justify; \"><b><span>* APROVADO POR UNANIMIDADE</span></b><span></span></p>\r\n<p class=\"Standard\" style=\"text-align:justify; \">\u00a0</p>\r\n<hr />\r\n<p class=\"Standard\" style=\"text-align:justify; \"><b><span>***GRANDE EXPEDIENTE E EXPLICA\u00c7\u00d5ES PESSOAIS***</span></b></p>\r\n<p class=\"MsoNormal\" style=\"text-align:justify; \">\u00a0</p>\r\n<p class=\"MsoNormal\" style=\"text-align:justify; \"><a name=\"_GoBack1\"></a><span>Os vereadores que ocuparam o espa\u00e7o do Grande Expediente foram: Luis Costa, Jair Locatelli, Diego Maciel, Sandro Radaelli, Daiana Bald, Paulinho Sattler, Osvaldir Urnau, Luis da Silva, Edivan Baron, </span><span></span></p>\r\n<p class=\"MsoNormal\" style=\"text-align:justify; \"><span>Flavio Habitzreiter.</span><span></span></p>\r\n<p class=\"MsoNormal\" style=\"text-align:justify; \"><span>O espa\u00e7o das Explica\u00e7\u00f5es Pessoais foi ocupado pelos vereadores: Paulinho Sattler, Jair Locatelli, Luis Costa e Sandro Radaelli.</span><span></span></p>\r\n<p class=\"MsoNormal\" style=\"text-align:justify; \"><span class=\"LinkdaInternet\"><span>\u00a0</span></span></p>\r\n<p class=\"MsoNormal\" style=\"text-align:justify; \"><span>*Esta mat\u00e9ria \u00e9 uma publica\u00e7\u00e3o informativa. As informa\u00e7\u00f5es aqui contidas s\u00e3o resumidas para uma melhor adequa\u00e7\u00e3o do conte\u00fado ao site. Todas as mat\u00e9rias legislativas constantes da mesma poder\u00e3o ser<span>\u00a0 </span>consultadas<span>\u00a0 </span>em<span>\u00a0 </span>sua<span>\u00a0 </span>integralidade no endere\u00e7o:<span>\u00a0 </span></span><a href=\"https://trespassos.rs.leg.br/processo-legislativo/sessoes-\"><span><span class=\"LinkdaInternet\"><span>https://trespassos.rs.leg.br/processo-legislativo/sessoes-</span></span></span></a><a name=\"__DdeLink__419_2101344456\"></a><span></span><a href=\"https://trespassos.rs.leg.br/processo-legislativo/sessoes-plenarias\"><span><span class=\"LinkdaInternet\"><span>plenarias</span></span></span></a><span></span><span> ou poder\u00e1 ser acessado o v\u00eddeo da sess\u00e3o atrav\u00e9s da p\u00e1gina do Facebook<span>\u00a0 </span>(</span><a href=\"https://www.facebook.com/CamaradeVereadoresdeTresPassos\"><span class=\"LinkdaInternet\"><span>https://www.facebook.com/CamaradeVereadoresdeTresPassos</span></span></a><span>).</span></p>", "author_name": "", "version": "1.0", "author_url": "https://www.trespassos.rs.leg.br/author/Camara", "provider_name": "C\u00e2mara Municipal de Tr\u00eas Passos - RS", "type": "rich"}