{"provider_url": "https://www.trespassos.rs.leg.br", "title": "Calend\u00e1rio Eleitoral para as Elei\u00e7\u00f5es 2020.", "html": "<p class=\"MsoNormal\" style=\"text-align:justify; \"><span>Desde o dia 1\u00ba de janeiro de 2020, os eleitores, partidos e candidatos devem estar atentos ao calend\u00e1rio definido pelo TSE (Tribunal Superior Eleitoral) para elei\u00e7\u00f5es municipais deste ano, quando ser\u00e3o escolhidos prefeitos, vice-prefeitos e vereadores. A Resolu\u00e7\u00e3o n\u00ba 23.606/2019, que define todas as datas do Calend\u00e1rio Eleitoral, foi publicada pela Corte Eleitoral em dezembro.</span></p>\r\n<p class=\"MsoNormal\" style=\"text-align:justify; \"><span>O primeiro turno para escolher prefeitos e vereadores em 5.568 munic\u00edpios brasileiros ocorrer\u00e1 no dia 4 de outubro e, em caso de segundo turno, a vota\u00e7\u00e3o ser\u00e1 realizada no dia 25 de outubro, respectivamente, o primeiro e o \u00faltimo domingo do m\u00eas, conforme prev\u00ea a Constitui\u00e7\u00e3o Federal.</span></p>\r\n<p class=\"MsoNormal\" style=\"text-align:justify; \"><span>Mas at\u00e9 chegar o dia da vota\u00e7\u00e3o, partidos, candidatos e eleitores devem ficar atentos a muitas outras datas. A primeira foi o dia 1\u00ba de janeiro. A partir desse dia, todas as pesquisas de opini\u00e3o p\u00fablica que envolverem candidatos precisam ser registradas na Justi\u00e7a Eleitoral cinco dias antes de sua publica\u00e7\u00e3o.</span></p>\r\n<p class=\"MsoNormal\" style=\"text-align:justify; \"><span>Tamb\u00e9m a partir do primeiro dia do ano fica proibida a distribui\u00e7\u00e3o gratuita de bens, valores ou benef\u00edcios por parte da Administra\u00e7\u00e3o P\u00fablica, exceto nos casos de calamidade ou estado de emerg\u00eancia. A medida tem a finalidade de manter a isonomia entre os candidatos, sem favorecer os que j\u00e1 ocupam cargos p\u00fablicos.</span></p>\r\n<p class=\"MsoNormal\" style=\"text-align:justify; \"><b><span>Janela partid\u00e1ria</span></b></p>\r\n<p class=\"MsoNormal\" style=\"text-align:justify; \"><span>Do dia 5 de mar\u00e7o ao dia 3 de abril, ocorre o per\u00edodo da chamada janela partid\u00e1ria, quando os vereadores poder\u00e3o mudar de partido por justa causa, para concorrerem nas elei\u00e7\u00f5es majorit\u00e1ria ou proporcional sem perder o mandato.</span></p>\r\n<p class=\"MsoNormal\" style=\"text-align:justify; \"><span>J\u00e1 o dia 4 de abril \u00e9 o fim do prazo para aqueles que desejam concorrer a um cargo eletivo estarem filiados a um partido devidamente registrado no TSE. A data marca seis meses antes do pleito.<br /> Em maio, no dia 7, ser\u00e1 fechado o Cadastro Eleitoral. Portanto, todos os eleitores em situa\u00e7\u00e3o irregular devem comparecer ao cart\u00f3rio eleitoral at\u00e9 o dia 6 de maio a fim de conseguirem votar normalmente em outubro.</span></p>\r\n<p class=\"MsoNormal\" style=\"text-align:justify; \"><b><span>Financiamento coletivo</span></b></p>\r\n<p class=\"MsoNormal\" style=\"text-align:justify; \"><span>A partir do dia 15 de maio, pr\u00e9-candidatos poder\u00e3o dar in\u00edcio \u00e0 arrecada\u00e7\u00e3o de recursos por meio do financiamento coletivo. Importante destacar que o uso desses recursos nas respectivas campanhas s\u00f3 ser\u00e1 liberado ap\u00f3s o efetivo registro da candidatura, a obten\u00e7\u00e3o de CNPJ e a abertura de conta banc\u00e1ria por parte do candidato, para prestar contas do uso dos valores.</span></p>\r\n<p class=\"MsoNormal\" style=\"text-align:justify; \"><b><span>Registro e propaganda</span></b></p>\r\n<p class=\"MsoNormal\" style=\"text-align:justify; \"><span>As conven\u00e7\u00f5es partid\u00e1rias para a escolha dos candidatos podem ser realizadas de 20 de julho a 5 de agosto. J\u00e1 o prazo para requerer o registro de candidatura \u00e0 Justi\u00e7a Eleitoral se encerra no dia 15 de agosto.</span></p>\r\n<p class=\"MsoNormal\" style=\"text-align:justify; \"><span>Por sua vez, a propaganda eleitoral ser\u00e1 permitida a partir do dia seguinte, 16 de agosto, inclusive na internet. E o hor\u00e1rio eleitoral gratuito ser\u00e1 veiculado no r\u00e1dio e na televis\u00e3o de 28 de agosto a 1\u00ba de outubro.</span></p>\r\n<p class=\"MsoNormal\" style=\"text-align:\r\njustify; \"><span>\u00a0</span><span></span></p>\r\n<p class=\"MsoNormal\" style=\"text-align:justify; \"><span>\u00a0</span></p>\r\n<table class=\"MsoNormalTable\">\r\n<tbody>\r\n<tr>\r\n<td>\r\n<p class=\"MsoNormal\" style=\"text-align:\r\n  justify; \"><span>01/01</span><span></span></p>\r\n</td>\r\n<td>\r\n<p class=\"MsoNormal\" style=\"text-align:\r\n  justify; \"><span>\u00a0</span><span></span></p>\r\n</td>\r\n<td>\r\n<p class=\"MsoNormal\" style=\"text-align:\r\n  justify; \"><span>Entidades ou empresas que fazem pesquisas relativas \u00e0s elei\u00e7\u00f5es ou a poss\u00edveis candidatos ficam obrigadas a registrar as informa\u00e7\u00f5es no Sistema de Registro de Pesquisas Eleitorais at\u00e9 5 dias antes da divulga\u00e7\u00e3o</span><span></span></p>\r\n</td>\r\n</tr>\r\n<tr>\r\n<td>\r\n<p class=\"MsoNormal\" style=\"text-align:\r\n  justify; \"><span>01/01</span><span></span></p>\r\n</td>\r\n<td>\r\n<p class=\"MsoNormal\" style=\"text-align:\r\n  justify; \"><span>\u00a0</span><span></span></p>\r\n</td>\r\n<td>\r\n<p class=\"MsoNormal\" style=\"text-align:\r\n  justify; \"><span>Fica proibida a distribui\u00e7\u00e3o gratuita de bens, valores ou benef\u00edcios por parte da administra\u00e7\u00e3o p\u00fablica, exceto nos casos de calamidade p\u00fablica, de estado de emerg\u00eancia ou de programas sociais autorizados em lei e j\u00e1 em execu\u00e7\u00e3o or\u00e7ament\u00e1ria no exerc\u00edcio anterior</span><span></span></p>\r\n</td>\r\n</tr>\r\n<tr>\r\n<td>\r\n<p class=\"MsoNormal\" style=\"text-align:\r\n  justify; \"><span>01/04</span><span></span></p>\r\n</td>\r\n<td>\r\n<p class=\"MsoNormal\" style=\"text-align:\r\n  justify; \"><span>\u00a0</span><span></span></p>\r\n</td>\r\n<td>\r\n<p class=\"MsoNormal\" style=\"text-align:\r\n  justify; \"><span>TSE passa a veicular no r\u00e1dio e na TV propagandas institucionais para incentivar a participa\u00e7\u00e3o feminina, de jovens e da comunidade negra na pol\u00edtica</span><span></span></p>\r\n</td>\r\n</tr>\r\n<tr>\r\n<td>\r\n<p class=\"MsoNormal\" style=\"text-align:\r\n  justify; \"><span>04/04</span><span></span></p>\r\n</td>\r\n<td>\r\n<p class=\"MsoNormal\" style=\"text-align:\r\n  justify; \"><span>\u00a0</span><span></span></p>\r\n</td>\r\n<td>\r\n<p class=\"MsoNormal\" style=\"text-align:\r\n  justify; \"><span>Limite para os partidos interessados em disputar a elei\u00e7\u00e3o terem os registros aprovados pelo TSE</span><span></span></p>\r\n</td>\r\n</tr>\r\n<tr>\r\n<td>\r\n<p class=\"MsoNormal\" style=\"text-align:\r\n  justify; \"><span>15/05</span><span></span></p>\r\n</td>\r\n<td>\r\n<p class=\"MsoNormal\" style=\"text-align:\r\n  justify; \"><span>\u00a0</span><span></span></p>\r\n</td>\r\n<td>\r\n<p class=\"MsoNormal\" style=\"text-align:\r\n  justify; \"><span>Pr\u00e9-candidatos poder\u00e3o fazer arrecada\u00e7\u00e3o pr\u00e9via de recursos na modalidade de financiamento coletivo</span><span></span></p>\r\n</td>\r\n</tr>\r\n<tr>\r\n<td>\r\n<p class=\"MsoNormal\" style=\"text-align:\r\n  justify; \"><span>04/07</span><span></span></p>\r\n</td>\r\n<td>\r\n<p class=\"MsoNormal\" style=\"text-align:\r\n  justify; \"><span>\u00a0</span><span></span></p>\r\n</td>\r\n<td>\r\n<p class=\"MsoNormal\" style=\"text-align:\r\n  justify; \"><span>Fica proibida a contrata\u00e7\u00e3o de shows art\u00edsticos pagos com recursos p\u00fablicos na realiza\u00e7\u00e3o de inaugura\u00e7\u00f5es</span><span></span></p>\r\n</td>\r\n</tr>\r\n<tr>\r\n<td>\r\n<p class=\"MsoNormal\" style=\"text-align:\r\n  justify; \"><span>20/07</span><span></span></p>\r\n</td>\r\n<td>\r\n<p class=\"MsoNormal\" style=\"text-align:\r\n  justify; \"><span>\u00a0</span><span></span></p>\r\n</td>\r\n<td>\r\n<p class=\"MsoNormal\" style=\"text-align:\r\n  justify; \"><span>Fica permitida a realiza\u00e7\u00e3o de conven\u00e7\u00f5es para escolha de coliga\u00e7\u00f5es e candidatos a prefeito, vice-prefeito e a vereador</span><span></span></p>\r\n</td>\r\n</tr>\r\n<tr>\r\n<td>\r\n<p class=\"MsoNormal\" style=\"text-align:\r\n  justify; \"><span>20/07</span><span></span></p>\r\n</td>\r\n<td>\r\n<p class=\"MsoNormal\" style=\"text-align:\r\n  justify; \"><span>\u00a0</span><span></span></p>\r\n</td>\r\n<td>\r\n<p class=\"MsoNormal\" style=\"text-align:\r\n  justify; \"><span>\u00daltimo dia para a Justi\u00e7a Eleitoral divulgar os limites de gastos para cada cargo em disputa</span><span></span></p>\r\n</td>\r\n</tr>\r\n<tr>\r\n<td>\r\n<p class=\"MsoNormal\" style=\"text-align:\r\n  justify; \"><span>05/08</span><span></span></p>\r\n</td>\r\n<td>\r\n<p class=\"MsoNormal\" style=\"text-align:\r\n  justify; \"><span>\u00a0</span><span></span></p>\r\n</td>\r\n<td>\r\n<p class=\"MsoNormal\" style=\"text-align:\r\n  justify; \"><span>\u00daltimo dia para as conven\u00e7\u00f5es destinadas \u00e0 escolha das coliga\u00e7\u00f5es e dos candidatos a prefeito, vice-prefeito e a vereador</span><span></span></p>\r\n</td>\r\n</tr>\r\n<tr>\r\n<td>\r\n<p class=\"MsoNormal\" style=\"text-align:\r\n  justify; \"><span>15/08</span><span></span></p>\r\n</td>\r\n<td>\r\n<p class=\"MsoNormal\" style=\"text-align:\r\n  justify; \"><span>\u00a0</span><span></span></p>\r\n</td>\r\n<td>\r\n<p class=\"MsoNormal\" style=\"text-align:\r\n  justify; \"><span>\u00daltimo dia para partidos e coliga\u00e7\u00f5es apresentarem \u00e0 Justi\u00e7a Eleitoral o requerimento de registro dos candidatos</span><span></span></p>\r\n</td>\r\n</tr>\r\n<tr>\r\n<td>\r\n<p class=\"MsoNormal\" style=\"text-align:\r\n  justify; \"><span>16/08</span><span></span></p>\r\n</td>\r\n<td>\r\n<p class=\"MsoNormal\" style=\"text-align:\r\n  justify; \"><span>\u00a0</span><span></span></p>\r\n</td>\r\n<td>\r\n<p class=\"MsoNormal\" style=\"text-align:\r\n  justify; \"><span>Data a partir da qual ser\u00e1 permitida a propaganda eleitoral, inclusive na internet</span><span></span></p>\r\n</td>\r\n</tr>\r\n<tr>\r\n<td>\r\n<p class=\"MsoNormal\" style=\"text-align:\r\n  justify; \"><span>19/09</span><span></span></p>\r\n</td>\r\n<td>\r\n<p class=\"MsoNormal\" style=\"text-align:\r\n  justify; \"><span>\u00a0</span><span></span></p>\r\n</td>\r\n<td>\r\n<p class=\"MsoNormal\" style=\"text-align:\r\n  justify; \"><span>Data a partir da qual nenhum candidato poder\u00e1 ser detido ou preso, salvo em flagrante delito</span><span></span></p>\r\n</td>\r\n</tr>\r\n<tr>\r\n<td>\r\n<p class=\"MsoNormal\" style=\"text-align:\r\n  justify; \"><span>24/09</span><span></span></p>\r\n</td>\r\n<td>\r\n<p class=\"MsoNormal\" style=\"text-align:\r\n  justify; \"><span>\u00a0</span><span></span></p>\r\n</td>\r\n<td>\r\n<p class=\"MsoNormal\" style=\"text-align:\r\n  justify; \"><span>\u00daltimo dia para o eleitor requerer a segunda via do t\u00edtulo dentro do domic\u00edlio eleitoral</span><span></span></p>\r\n</td>\r\n</tr>\r\n<tr>\r\n<td>\r\n<p class=\"MsoNormal\" style=\"text-align:\r\n  justify; \"><span>29/09</span><span></span></p>\r\n</td>\r\n<td>\r\n<p class=\"MsoNormal\" style=\"text-align:\r\n  justify; \"><span>\u00a0</span><span></span></p>\r\n</td>\r\n<td>\r\n<p class=\"MsoNormal\" style=\"text-align:\r\n  justify; \"><span>Data a partir da qual nenhum eleitor poder\u00e1 ser preso ou detido, salvo em flagrante delito ou em virtude de senten\u00e7a criminal condenat\u00f3ria por crime inafian\u00e7\u00e1vel</span><span></span></p>\r\n</td>\r\n</tr>\r\n<tr>\r\n<td>\r\n<p class=\"MsoNormal\" style=\"text-align:\r\n  justify; \"><span>1\u00b0/10</span><span></span></p>\r\n</td>\r\n<td>\r\n<p class=\"MsoNormal\" style=\"text-align:\r\n  justify; \"><span>\u00a0</span><span></span></p>\r\n</td>\r\n<td>\r\n<p class=\"MsoNormal\" style=\"text-align:\r\n  justify; \"><span>\u00daltimo dia para divulga\u00e7\u00e3o da propaganda eleitoral gratuita no r\u00e1dio e na TV relativa ao primeiro turno</span><span></span></p>\r\n</td>\r\n</tr>\r\n<tr>\r\n<td>\r\n<p class=\"MsoNormal\" style=\"text-align:\r\n  justify; \"><span>1\u00b0/10</span><span></span></p>\r\n</td>\r\n<td>\r\n<p class=\"MsoNormal\" style=\"text-align:\r\n  justify; \"><span>\u00a0</span><span></span></p>\r\n</td>\r\n<td>\r\n<p class=\"MsoNormal\" style=\"text-align:\r\n  justify; \"><span>\u00daltimo dia para a realiza\u00e7\u00e3o de debate no r\u00e1dio e na TV</span><span></span></p>\r\n</td>\r\n</tr>\r\n<tr>\r\n<td>\r\n<p class=\"MsoNormal\" style=\"text-align:\r\n  justify; \"><span>04/10</span><span></span></p>\r\n</td>\r\n<td>\r\n<p class=\"MsoNormal\" style=\"text-align:\r\n  justify; \"><span>\u00a0</span><span></span></p>\r\n</td>\r\n<td>\r\n<p class=\"MsoNormal\" style=\"text-align:\r\n  justify; \"><span>Primeiro turno</span><span></span></p>\r\n</td>\r\n</tr>\r\n<tr>\r\n<td>\r\n<p class=\"MsoNormal\" style=\"text-align:\r\n  justify; \"><span>23/10</span><span></span></p>\r\n</td>\r\n<td>\r\n<p class=\"MsoNormal\" style=\"text-align:\r\n  justify; \"><span>\u00a0</span><span></span></p>\r\n</td>\r\n<td>\r\n<p class=\"MsoNormal\" style=\"text-align:\r\n  justify; \"><span>\u00daltimo dia para divulga\u00e7\u00e3o da propaganda eleitoral gratuita no r\u00e1dio e na TV</span><span></span></p>\r\n</td>\r\n</tr>\r\n<tr>\r\n<td>\r\n<p class=\"MsoNormal\" style=\"text-align:\r\n  justify; \"><span>23/10</span><span></span></p>\r\n</td>\r\n<td>\r\n<p class=\"MsoNormal\" style=\"text-align:\r\n  justify; \"><span>\u00a0</span><span></span></p>\r\n</td>\r\n<td>\r\n<p class=\"MsoNormal\" style=\"text-align:\r\n  justify; \"><span>\u00daltimo dia para realiza\u00e7\u00e3o de debate no r\u00e1dio e na TV</span><span></span></p>\r\n</td>\r\n</tr>\r\n<tr>\r\n<td>\r\n<p class=\"MsoNormal\" style=\"text-align:\r\n  justify; \"><span>25/10</span><span></span></p>\r\n</td>\r\n<td>\r\n<p class=\"MsoNormal\" style=\"text-align:\r\n  justify; \"><span>\u00a0</span><span></span></p>\r\n</td>\r\n<td>\r\n<p class=\"MsoNormal\" style=\"text-align:\r\n  justify; \"><span>Segundo turno</span><span></span></p>\r\n</td>\r\n</tr>\r\n</tbody>\r\n</table>\r\n<p class=\"MsoNormal\" style=\"text-align:justify; \"><span>\u00a0</span></p>\r\n<p class=\"MsoNormal\" style=\"text-align:\r\njustify; \"><span style=\"text-align: left; \">Todas as\u00a0</span><a class=\"external-link\" href=\"http://www.tse.jus.br/eleicoes/eleicoes-2020/arquivos/tse-resolucao-no-23-606/rybena_pdf?file=http://www.tse.jus.br/eleicoes/eleicoes-2020/arquivos/tse-resolucao-no-23-606/at_download/file\" style=\"text-align: left; \" target=\"_self\" title=\"\">datas do Calend\u00e1rio Eleitoral</a><span style=\"text-align: left; \">\u00a0podem ser consultadas no Portal do TSE.</span></p>", "author_name": "Cristiane", "version": "1.0", "author_url": "https://www.trespassos.rs.leg.br/author/Cristiane", "provider_name": "C\u00e2mara Municipal de Tr\u00eas Passos - RS", "type": "rich"}