{"provider_url": "https://www.trespassos.rs.leg.br", "title": "PROJETO DE LEI QUE DENOMINA A CASA DE CULTURA DE \"CASA DE CULTURA PROFESSOR ORESTES LUIZ COLOMBO EST\u00c1 TRAMITANDO NA C\u00c2MARA", "html": "<p class=\"MsoNormal\" style=\"text-align:justify; \">\u00a0</p>\r\n<p class=\"MsoNormal\" style=\"text-align:justify; \"><span>Est\u00e1 tramitando nesta Casa Legislativa Projeto de Lei que denomina a Casa de Cultura de Tr\u00eas Passos de \u201c Casa da Cultura <i>Casa da Cultura Professor Orestes Luiz Colombo</i>. </span></p>\r\n<p class=\"MsoNormal\" style=\"text-align:justify; \"><span>Este projeto ser\u00e1 analisado na pr\u00f3xima reuni\u00e3o das Comiss\u00f5es Permanentes que ser\u00e1 realizada na quinta-feira, 20 de fevereiro e caso receba parecer favor\u00e1vel poder\u00e1 ir a vota\u00e7\u00e3o na sess\u00e3o ordin\u00e1ria do dia 26 de fevereiro, quarta-feira. </span></p>\r\n<p class=\"MsoNormal\" style=\"text-align:justify; \"><span><a class=\"external-link\" href=\"https://sapl.trespassos.rs.leg.br/materia/1235\" target=\"_self\" title=\"\">Acompanhe o projeto <span>\u00a0</span>AQUI :\u00a0</a></span></p>\r\n<p class=\"MsoNormal\" style=\"text-align:justify; \"><span>\u00a0</span></p>\r\n<p class=\"MsoNormal\" style=\"text-align:justify; \"><b><span>Quem foi o <i>Professor Orestes Luiz Colombo</i>?</span></b></p>\r\n<p class=\"Standard\" style=\"text-align:justify; \"><span>Nascido em Porto Lucena aos 04 de novembro de 1943, filho de Bruho Colombo e Aur\u00e9lia Petrazzini Colombo, agricultores Familiares. Mudou-se para Cerro Largo para dar continuidade em seus estudos, ingressando no col\u00e9gio La Salle, onde cursou Norma Rural.</span></p>\r\n<p class=\"Standard\" style=\"text-align:justify; \"><span>\u00a0</span></p>\r\n<p class=\"Standard\" style=\"text-align:justify; \"><span>Iniciou sua trajet\u00f3ria no magist\u00e9rio no ano de 1968, na Escola Rural de Esquina Ga\u00facha no munic\u00edpio de Crissiumal, na qual, em 1962, foi designado diretor. Por seus relevantes servi\u00e7os prestados na comunidade e na escola, em 1975, foi convidado a fazer parte do grupo de funcion\u00e1rios da 21\u00b0 Delegacia de Ensino de Tr\u00eas Passos, onde por sua capacidade administrativa e bom relacionamento humano, fora designado coordenador do grupo at\u00e9 o ano de 1981. Durante este per\u00edodo buscou aperfei\u00e7oamento profissional, graduando-se em Pedagogia- Administra\u00e7\u00e3o Escolar e especializando-se em Supervis\u00e3o Escolar. A partir dali desempenhou a fun\u00e7\u00e3o de professor regente no atual Instituto Estadual de Educa\u00e7\u00e3o \u00c9rico Ver\u00edssimo.</span></p>\r\n<p class=\"Standard\" style=\"text-align:justify; \"><span>\u00a0</span></p>\r\n<p class=\"Standard\" style=\"text-align:justify; \"><span>No in\u00edcio do ano de 1977, a comunidade Cenecista de Tr\u00eas Passos , indicou o nome de Orestes, \u00e0 Campanha Nacional de Escolas da Comunidade do Rio Grande do Sul (C.N.E.C.) a fim de dirigir o educand\u00e1rio da nossa cidade que na \u00e9poca funcionava a noite, permitindo o acesso a cursos t\u00e9cnicos aos trabalhadores. Seu nome fora aceito, sendo que o mesmo fora diretor da Escola Ruy Barbosa num per\u00edodo de 04 anos at\u00e9 abril de 1981. Do ano de 1981 a 1986, Orestes desempenhou a fun\u00e7\u00e3o de professor na \u00e1rea de Estudos Sociais na ent\u00e3o Escola Estadual de 1\u00b0 e 2\u00b0 Grau \u00c9rico Ver\u00edssimo.</span></p>\r\n<p class=\"Standard\" style=\"text-align:justify; \"><span>\u00a0</span></p>\r\n<p class=\"Standard\" style=\"text-align:justify; \"><span>Em 1986, pela Secretaria Estadual de Educa\u00e7\u00e3o fora designado Delegado da 21\u00b0 Delegacia de Educa\u00e7\u00e3o.</span></p>\r\n<p class=\"Standard\" style=\"text-align:justify; \"><span>\u00a0</span></p>\r\n<p class=\"Standard\" style=\"text-align:justify; \"><span>No per\u00edodo de 1988 a 1990 desempenhou a fun\u00e7\u00e3o de diretor da Escola Estadual de 1\u00b0 e 2\u00b0 Graus \u00c9rico Ver\u00edssimo. Ap\u00f3s este per\u00edodo voltou a educar e ensinar at\u00e9 sua aposentadoria como professor. Durante sua trajet\u00f3ria, sempre foi um batalhador das causas ligadas a educa\u00e7\u00e3o p\u00fablica e a classe do magist\u00e9rio, atuando de forma firme e coerente no Sindicato dos Professores Estaduais do Rio Grande do Sul, dentro do 27\u00b0 N\u00facleo do CPERS, do qual fez parte da diretoria. O professor Orestes Luiz Colombo, nunca esqueceu suas ra\u00edzes simples, nos momentos em que n\u00e3o estava exercendo a profiss\u00e3o de educador, dedicava-se a agricultura e as causas ligadas ao meio ambiente.</span></p>\r\n<p class=\"Standard\" style=\"text-align:justify; \"><span>\u00a0</span></p>\r\n<p class=\"Standard\" style=\"text-align:justify; \"><span>Por onde passou, sempre foi um incentivador em um promotor da educa\u00e7\u00e3o, da cultura e da forma\u00e7\u00e3o de cidad\u00e3os respons\u00e1veis para a vida em sociedade. Teve atua\u00e7\u00e3o significativa no movimento escoteiro e no Centro Cultura Italiano, onde era integrante do Coral Italiano Ricordi di It\u00e1lia e organizador do curso de L\u00edngua Italiana, reconhecido pelo Consulado Italiano no Brasil.</span></p>\r\n<p class=\"Standard\" style=\"text-align:justify; \"><span>\u00a0</span></p>\r\n<p class=\"Standard\" style=\"text-align:justify; \"><span>Orestes realmente pode ser chamado de professor e educador, pois fez desta profiss\u00e3o a raz\u00e3o de sua exist\u00eancia. Soube dignificar o of\u00edcio de ser professor e deixou um exemplo de grandeza e de doa\u00e7\u00e3o para a sociedade, por tudo isso, sua passagem aqui n\u00e3o foi em v\u00e3o.</span></p>\r\n<p class=\"Standard\" style=\"text-align:justify; \"><span>\u00a0</span></p>\r\n<p class=\"Standard\" style=\"text-align:justify; \"><span>Biografia elaborada por Maria Lili Colombo e Evandro Augusto Colombo.</span></p>\r\n<p class=\"Standard\" style=\"text-align:justify; \"><span><img src=\"https://www.trespassos.rs.leg.br/imagens/11.jpg/@@images/6f8db258-909b-4626-a792-9c87e9eeee45.jpeg\" alt=\"\" class=\"image-inline\" title=\"\" /></span></p>\r\n<p class=\"Standard\" style=\"text-align:justify; \">\u00a0</p>\r\n<p class=\"MsoNormal\" style=\"text-align:justify; \"><b>\u00a0</b></p>", "author_name": "Cristiane", "version": "1.0", "author_url": "https://www.trespassos.rs.leg.br/author/Cristiane", "provider_name": "C\u00e2mara Municipal de Tr\u00eas Passos - RS", "type": "rich"}