{"provider_url": "https://www.trespassos.rs.leg.br", "title": "Dengue foi tema da Tribuna Popular", "html": "<p>Foi realizada ontem dia 8 de abril , a sess\u00e3o ordin\u00e1ria da C\u00e2mara de Vereadores de Tr\u00eas Passos, sob a presid\u00eancia do vereador Vin\u00edcius Ara\u00fajo.</p>\r\n<p>A vereadora Dorilda Sartori assumiu no lugar do vereador Willian Heineck (Tocha) o qual o solicitou licen\u00e7a de interesse particular sem remunera\u00e7\u00e3o de 8 a 10 de mar\u00e7o.</p>\r\n<p><b>Deram entrada na C\u00e2mara sete projetos de lei\u00a0e foram lidos na sess\u00e3o :</b></p>\r\n<p>-\u00a0<a href=\"https://sapl.trespassos.rs.leg.br/materia/1021\" target=\"_self\">Projeto de Lei 22/19</a>\u00a0- trata de contrata\u00e7\u00e3o emergencial de 2 professores de educa\u00e7\u00e3o f\u00edsica para atuarem junto ao NASF.\u00a0<br /> <br /> -\u00a0<a href=\"https://sapl.trespassos.rs.leg.br/materia/1022\" target=\"_self\">Projeto de Lei 23/19</a>\u00a0- prorroga o prazo para a regulariza\u00e7\u00e3o dos im\u00f3veis ocupados por moradores do Bairro Frei Ol\u00edmpio para 31 de dezembro de 2020.</p>\r\n<p><a href=\"https://sapl.trespassos.rs.leg.br/materia/1023\" target=\"_self\">-\u00a0Projeto de Lei 24/19\u00a0</a>- amplia a concess\u00e3o de carros de som de 6 para 10 ve\u00edculos.</p>\r\n<p><a href=\"https://sapl.trespassos.rs.leg.br/materia/1025\" target=\"_self\">Projeto de lei n\u00ba 25/2019</a>\u00a0- Autoriza o Poder Executivo Municipal a proceder na contrata\u00e7\u00e3o emergencial de 3 (tr\u00eas) agentes comunit\u00e1rios de sa\u00fade.</p>\r\n<p><a href=\"https://sapl.trespassos.rs.leg.br/materia/1026\" target=\"_self\">Projeto de lei n\u00ba 26/2019\u00a0</a>- Altera a Lei Municipal n\u00ba 5.403, de 04 de dezembro de 2018, corrigindo um erro de reda\u00e7\u00e3o de 40 para 44 horas semanais dos motoristas.</p>\r\n<p><a href=\"https://sapl.trespassos.rs.leg.br/materia/1024\" target=\"_self\">-\u00a0Projeto de Lei Complementar 2/19</a>\u00a0- aumenta os valores das taxas de coleta de lixo constantes no C\u00f3digo Tribut\u00e1rio Municipal, a fim de cobrir os gastos relativos ao Cons\u00f3rcio CITEGEM.</p>\r\n<p><a href=\"https://sapl.trespassos.rs.leg.br/materia/1000\" target=\"_self\">- Projeto de Lei Legislativa 2/19</a>\u00a0- Denomina as Ruas Francisco Andrighetto e Dary de Moraes Canova, localizadas no Loteamento Novo Loteamento Cidade.</p>\r\n<p>\u00a0<b>Projetos Votados:</b></p>\r\n<p><a href=\"https://sapl.trespassos.rs.leg.br/materia/980\" target=\"_self\">Projetos de lei n\u00bas 96/18</a>\u00a0e\u00a0<a href=\"https://sapl.trespassos.rs.leg.br/materia/1012\" target=\"_self\">20/19</a>, que tratam das contrata\u00e7\u00f5es emergenciais de um advogado aut\u00e1rquico e de um oficial previdenci\u00e1rio para o Instituto de Previd\u00eancia</p>\r\n<p>Projetos aprovados com votos contr\u00e1rios dos vereadores da bancada do PSDB, Arlei Tomazoni, Jair Locatelli e Rosani do Nascimento.</p>\r\n<p>\u00a0</p>\r\n<p><a href=\"https://sapl.trespassos.rs.leg.br/materia/1009\" target=\"_self\">Projeto de lei n\u00ba 17/19,</a>\u00a0que prev\u00ea a contrata\u00e7\u00e3o emergencial de mais 10 professores, ou seja, aumenta o n\u00famero de vagas para contrata\u00e7\u00e3o emergencial de 15 para at\u00e9 25 profissionais.</p>\r\n<p>Projeto aprovado com votos contr\u00e1rios dos vereadores da bancada do PSDB, Arlei Tomazoni, Jair Locatelli e Rosani do Nascimento.</p>\r\n<p>\u00a0</p>\r\n<p><a href=\"https://sapl.trespassos.rs.leg.br/materia/1010\" target=\"_self\">Projeto de Lei 18/19</a>\u00a0\u2013 que autoriza a contrata\u00e7\u00e3o emergencial de cinco profissionais oficineiros para atuarem no Complexo Municipal de Ensino Fundamental Integral Professor Jos\u00e9 Luiz Rhoden, nas \u00e1reas de inform\u00e1tica educativa, taekwondo, dan\u00e7a, express\u00e3o corporal e teatro, esportes, lazer e gin\u00e1stica. Aprovado por unanimidade.</p>\r\n<p>\u00a0</p>\r\n<p><b>TRIBUNA POPULAR</b></p>\r\n<p>No espa\u00e7o da Tribuna Popular tivemos a presen\u00e7a da Secret\u00e1ria Municipal de Sa\u00fade, Maria Adelaide Hertz e da Enfermeira Rosicler Seguetto que falaram \u00a0a situa\u00e7\u00e3o de alerta que vive a regi\u00e3o com\u00a0 a epidemia de dengue.</p>\r\n<p>Adelaide explicou que a dengue \u00e9 uma doen\u00e7a aguda, onde os primeiros sinais geralmente s\u00e3o febre alta (39\u00b0 a 40\u00b0C), que dura de 2 a 7 dias, dor de cabe\u00e7a, dores no corpo e articula\u00e7\u00f5es, prostra\u00e7\u00e3o, fraqueza, dor atr\u00e1s dos olhos, erup\u00e7\u00e3o e prurido cut\u00e2neo. Tamb\u00e9m s\u00e3o comuns n\u00e1useas, v\u00f4mitos e perda de peso. Enfim um mal-estar extremo.</p>\r\n<p>\u00a0</p>\r\n<p>No Rio Grande do Sul existem 81 casos confirmado. Em Tr\u00eas Passos existem nove casos suspeitos, todos do bairro \u00c9rico Ver\u00edssimo na divisa com Santa In\u00eas. Falta vir o resultado do Estado.</p>\r\n<p>Adelaide explicou que foram intensificadas as vistorias nestes bairros, 300 m\u00b2 em volta das casas suspeitas que perfaz em torno de 9 quarteir\u00f5es.</p>\r\n<p>A dengue \u00e9 transmitida por meio da picada da f\u00eamea do mosquito Aedes aegypti infectada. Essa infec\u00e7\u00e3o ocorre quando o v\u00edrus da dengue circulante no sangue de uma pessoa \u00e9 ingerido pela f\u00eamea do mosquito. Ap\u00f3s oito a doze dias de incuba\u00e7\u00e3o no mosquito, o v\u00edrus j\u00e1 pode ser transmitido a outras pessoas. O per\u00edodo de incuba\u00e7\u00e3o do v\u00edrus no homem \u00e9 de 4 a 10 dias, ap\u00f3s esse per\u00edodo d\u00e1-se in\u00edcio aos sintomas da doen\u00e7a.</p>\r\n<p>As\u00a0f\u00eameas\u00a0do mosquito que s\u00e3o hemat\u00f3fagas (elas necessitam de sangue para a matura\u00e7\u00e3o dos ovos). O ciclo de vida do\u00a0<em>Aedes aegypti\u00a0</em>inicia-se ap\u00f3s a deposi\u00e7\u00e3o dos ovos por uma f\u00eamea na parede de um criadouro com \u00e1gua (os ovos n\u00e3o ficam na \u00e1gua, mas bem pr\u00f3ximos a ela). Esses ovos apresentam 0,4 mm de comprimento e cor branca, mas, com o tempo, em virtude do contato com o oxig\u00eanio, tornam-se escuros.</p>\r\n<p>Os ovos podem permanecer sem eclodir por um grande per\u00edodo de tempo, aguardando at\u00e9 o pr\u00f3ximo per\u00edodo chuvoso. Estudos sugerem que os ovos resistam por at\u00e9 450 dias, uma vez que s\u00e3o extremamente resistentes ao ressecamento. A eclos\u00e3o do ovo ocorre quando a \u00e1gua entra em contato com essa estrutura. Ap\u00f3s a eclos\u00e3o do ovo, torna-se uma larva, durante a fase larval, o\u00a0<em>Aedes </em><strong>alimenta-se principalmente da mat\u00e9ria org\u00e2nica</strong>\u00a0presente no criadouro e destaca-se por possuir grande agilidade. A larva passa por quatro est\u00e1gios at\u00e9 se tornar uma pupa. A fase de pupa destaca-se pela inexist\u00eancia de alimenta\u00e7\u00e3o e pela metamorfose que marcar\u00e1 o in\u00edcio da fase adulta.\u00a0A fase adulta \u00e9 a mais conhecida pela popula\u00e7\u00e3o, uma vez que \u00e9 a fase em que o\u00a0<em>Aedes Aegypti</em>pode transmitir doen\u00e7as ao homem.</p>\r\n<p>\u00a0<span>As a\u00e7\u00f5es s\u00e3o feitas para a elimina\u00e7\u00e3o da larva, os criadouros. Por isso \u00e9 importante refor\u00e7ar a limpeza dos p\u00e1tios, cuidar dos vasos de plantas, semanalmente verificar o pote de agua dos animais e limpa-los, verificar o reservat\u00f3rio de agua atr\u00e1s da geladeira, recipiente do ar condicionado, banheiros n\u00e3o utilizados. Adelaide informou que as piscinas s\u00e3o os maiores proliferadores do mosquito.</span></p>\r\n<p>Rosicler explicou sobre as a\u00e7\u00f5es e mutir\u00f5es que est\u00e3o sendo feitos nos bairros, na BR com recolhimento de muito lixo, destacou que esta semana ir\u00e3o fazer mutir\u00e3o nos cemit\u00e9rios.</p>\r\n<p>Declarou que existe uma parceria com a secretaria de meio ambiente, com a vigil\u00e2ncia sanit\u00e1ria, com as obras, com os agentes de sa\u00fade e de combate a endemias.</p>\r\n<p>O telefone para den\u00fancias \u00e9 o 3522-0430.</p>\r\n<p>Por fim foi conclamado para que a popula\u00e7\u00e3o fa\u00e7a a sua parte, pois somente o poder p\u00fablico n\u00e3o dar\u00e1 conta.\u00a0 \u00c9 uma quest\u00e3o de sa\u00fade p\u00fablica. A conscientiza\u00e7\u00e3o \u00e9 muito importante.</p>\r\n<p>Acompanhe toda a fala no Facebook da C\u00e2mara!!</p>", "author_name": "camaratp", "version": "1.0", "author_url": "https://www.trespassos.rs.leg.br/author/camaratp", "provider_name": "C\u00e2mara Municipal de Tr\u00eas Passos - RS", "type": "rich"}