{"provider_url": "https://www.trespassos.rs.leg.br", "title": "Coral Ricordi D'Italia se apresentar\u00e1 na sess\u00e3o de hoje", "html": "<p><b>Nesta segunda-feira, 22 de maio, a partir das 19h</b>, acontece a sess\u00e3o plen\u00e1ria ordin\u00e1ria semanal da C\u00e2mara Municipal de Vereadores de Tr\u00eas Passos, sob a Presid\u00eancia do vereador Edivan Baron.</p>\r\n<p>\u00a0<span>O </span><b>Coral Ricordi D\u2019It\u00e1lia</b><span> do Centro Cultural Italiano abrilhantar\u00e1 a sess\u00e3o com a sua apresenta\u00e7\u00e3o, em comemora\u00e7\u00e3o ao Dia Municipal da Etnia Italiana que foi no dia 20 de maio.</span></p>\r\n<p><span>A 24\u00aa Romaria ao Santu\u00e1rio dos Beatos M\u00e1rtires ser\u00e1 tema da </span><b>Tribuna Popular</b><span>, espa\u00e7o que ser\u00e1 usado pelo Padre H\u00e9lio Welter.</span></p>\r\n<p><span>Ser\u00e1 </span><b>lido</b><span> na sess\u00e3o o projeto de lei que estabelece o </span><b>Plano Plurianual</b><span> para os pr\u00f3ximos quatro anos (2018 a 2021), o qual nortear\u00e1 a elabora\u00e7\u00e3o da Lei de Diretrizes Or\u00e7ament\u00e1rias e a Lei Or\u00e7ament\u00e1ria anual, estabelecendo o planejamento or\u00e7ament\u00e1rio (programas, metas e objetivos) da Administra\u00e7\u00e3o Municipal.</span></p>\r\n<p>Este projeto ser\u00e1 baixado para as Comiss\u00f5es Permanentes, para ser analisado pelos vereadores, e poder\u00e1 votado na pr\u00f3xima sess\u00e3o.</p>", "author_name": "camaratp", "version": "1.0", "author_url": "https://www.trespassos.rs.leg.br/author/camaratp", "provider_name": "C\u00e2mara Municipal de Tr\u00eas Passos - RS", "type": "rich"}