{"provider_url": "https://www.trespassos.rs.leg.br", "title": "PAUTA  DA SESS\u00c3O ORDIN\u00c1RIA DE HOJE", "html": "<p class=\"MsoNormal\" style=\"text-align:justify; \"><b><span>PAUTA DA SESS\u00c3O ORDIN\u00c1RIA DE HOJE</span></b><span><br /> </span></p>\r\n<p class=\"MsoNormal\" style=\"text-align:justify; \"><span>Dois projetos de lei foram protocolados na C\u00e2mara Municipal de Tr\u00eas Passos e ser\u00e3o lidos na pr\u00f3xima sess\u00e3o ordin\u00e1ria, que ser\u00e1 realizada na segunda-feira, 25 de maio, \u00e0s 19h. </span></p>\r\n<p class=\"MsoNormal\" style=\"text-align:justify; \"><b><span><a class=\"external-link\" href=\"http:// https//sapl.trespassos.rs.leg.br/materia/1279\" target=\"_self\" title=\"\">PROJETO DE LEI 30/20</a></span></b><span> que autoriza a contrata\u00e7\u00e3o emergencial de um Orientador em Desenvolvimento Rural para atua\u00e7\u00e3o junto as Escolas Municipais de Ensino Fundamental do Campo, com carga hor\u00e1ria de 30 horas semanais. </span></p>\r\n<p class=\"MsoNormal\" style=\"text-align:justify; \"><span>Segundo a exposi\u00e7\u00e3o de motivos do projeto, a contrata\u00e7\u00e3o justifica-se uma vez que este profissional atuar\u00e1 junto as Escolas Municipais de Ensino Fundamental do Campo, sendo respons\u00e1vel pelo desenvolvimento das atividades relacionadas ao Programa Semeando Educa\u00e7\u00e3o e Sa\u00fade na agricultura familiar, que comp\u00f5e a grade curricular da rede municipal de ensino. <br /> </span></p>\r\n<p class=\"MsoNormal\" style=\"text-align:justify; \"><span><br /> </span></p>\r\n<p><a class=\"external-link\" href=\"http:// https//sapl.trespassos.rs.leg.br/materia/1279\" target=\"_self\" title=\"\"><br /></a></p>\r\n<p class=\"MsoNormal\" style=\"text-align:justify; \"><b><span><a class=\"external-link\" href=\"http:// https//sapl.trespassos.rs.leg.br/materia/1279\" target=\"_self\" title=\"\">PROJETO DE LEI 31/20</a></span></b><span> que disp\u00f5e sobre o servi\u00e7o remunerado de transporte individual de passageiros em motocicleta \u2013 moto taxi, no munic\u00edpio de Tr\u00eas Passos. </span></p>\r\n<p class=\"MsoNormal\" style=\"text-align:justify; \"><span>Segundo a exposi\u00e7\u00e3o de motivos, a necessidade de regulamenta\u00e7\u00e3o deste tipo de servi\u00e7o foi uma sugest\u00e3o do pr\u00f3prio Poder Legislativo, pois vem ao encontro das necessidades dos mun\u00edcipes, beneficiando o cidad\u00e3o de baixa renda. </span></p>\r\n<p class=\"MsoNormal\" style=\"text-align:justify; \"><span>O servi\u00e7o de moto-taxi j\u00e1 est\u00e1 presente em 52,7% dos munic\u00edpios brasileiros. </span></p>\r\n<p class=\"MsoNormal\" style=\"text-align:justify; \"><span>Com a regulamenta\u00e7\u00e3o do transporte, n\u00e3o h\u00e1 somente o acr\u00e9scimo na arrecada\u00e7\u00e3o do munic\u00edpio, por meio de impostos, mas tamb\u00e9m a gera\u00e7\u00e3o de emprego e renda. </span></p>\r\n<p class=\"MsoNormal\" style=\"text-align:justify; \">\u00a0</p>\r\n<p class=\"MsoNormal\" style=\"text-align:justify; \">\u00a0</p>\r\n<p class=\"MsoNormal\" style=\"text-align:justify; \"><b><span>PROJETO EM PAUTA PARA VOTA\u00c7\u00c3O</span></b></p>\r\n<p class=\"MsoNormal\" style=\"text-align:justify; \"><b><span><a class=\"external-link\" href=\"https://sapl.trespassos.rs.leg.br/materia/1277\" target=\"_self\" title=\"\">\u00a0*PROJETO DE LEI 29/20*</a></span></b><span><a class=\"external-link\" href=\"https://sapl.trespassos.rs.leg.br/materia/1277\" target=\"_self\" title=\"\"> </a>que prev\u00ea a contrata\u00e7\u00e3o de 01 (um) Fiscal Tribut\u00e1rio para atua\u00e7\u00e3o junto a Secretaria Municipal de Finan\u00e7as, com carga hor\u00e1ria de 188 horas mensais.</span><span><br style=\"text-align: start; \" /> <span><span style=\"text-align: start; \">Segundo a exposi\u00e7\u00e3o de motiv</span><span class=\"textexposedshow\"><span style=\"text-align: start; \">os, justifica-se tal solicita\u00e7\u00e3o tendo em vista o aumento da demanda destes fiscais, especialmente na realiza\u00e7\u00e3o de a\u00e7\u00f5es ao cumprimento das medidas estabelecidas para a preven\u00e7\u00e3o da propaga\u00e7\u00e3o do COVID-19 junto aos estabelecimentos comerciais.</span></span></span></span></p>\r\n<p><span><span><span class=\"textexposedshow\"><br /> </span></span><span class=\"6qdm\"><span><span>\ud83d\udc49</span></span></span><span class=\"textexposedshow\"><span></span></span></span></p>", "author_name": "Cristiane", "version": "1.0", "author_url": "https://www.trespassos.rs.leg.br/author/Cristiane", "provider_name": "C\u00e2mara Municipal de Tr\u00eas Passos - RS", "type": "rich"}