{"provider_url": "https://www.trespassos.rs.leg.br", "title": "REALIZADA A 12\u00aa SESS\u00c3O ORDIN\u00c1RIA DE 2022", "html": "<p style=\"text-align: justify; \">Foi realizada nesta segunda-feira, 25 de Abril, a 12\u00aa Sess\u00e3o Ordin\u00e1ria da C\u00e2mara Municipal de Tr\u00eas Passos, no plen\u00e1rio do Legislativo, com transmiss\u00e3o ao vivo por meio da p\u00e1gina do Facebook da C\u00e2mara de Vereadores, simultaneamente pelo Canal do YouTube e posteriormente sendo transmitida pela R\u00e1dio Alto Uruguai 92.5FM.</p>\r\n<p style=\"text-align: justify; \"><span><br /></span></p>\r\n<h3>*** NA ORDEM DO DIA FORAM VOTADAS AS SEGUINTES PROPOSI\u00c7\u00d5ES***</h3>\r\n<p style=\"text-align: justify; \"><span><a class=\"external-link\" href=\"https://sapl.trespassos.rs.leg.br/materia/1847\" target=\"_self\" title=\"\">\u2705Projeto de Lei Ordin\u00e1ria n\u00ba 92 de 2021- Autoriza o Poder Executivo a conceder o uso de im\u00f3vel para cultivo agr\u00edcola.</a></span></p>\r\n<p style=\"text-align: justify; \"><span><a class=\"external-link\" href=\"https://sapl.trespassos.rs.leg.br/materia/1847\" target=\"_self\" title=\"\">O im\u00f3vel \u00e9 uma fra\u00e7\u00e3o de terras destinada ao \u201cAeroporto Municipal de Tr\u00eas Passos\u201d, compreendendo 300.000m\u00b2.</a></span></p>\r\n<p style=\"text-align: justify; \"><span><a class=\"external-link\" href=\"https://sapl.trespassos.rs.leg.br/materia/1847\" target=\"_self\" title=\"\">A sele\u00e7\u00e3o do concession\u00e1rio ser\u00e1 realizada atrav\u00e9s de processo licitat\u00f3rios na modalidade concorr\u00eancia. Autor: Arlei Luis Tomazoni \u2013 Prefeito</a></span></p>\r\n<p style=\"text-align: justify; \"><span><a class=\"external-link\" href=\"https://sapl.trespassos.rs.leg.br/materia/1847\" target=\"_self\" title=\"\">\u2705Mensagem retificativa ao PL n\u00ba 92, de 2021, que trata da concess\u00e3o da \u00e1rea de terras do aeroporto municipal para uso agr\u00edcola, \u00e9 conforme apontado pela orienta\u00e7\u00e3o t\u00e9cnica e sugerido pelas Comiss\u00f5es Permanentes, no sentido de fixar o prazo de vig\u00eancia para a concess\u00e3o de 02 anos, vedar a terceiriza\u00e7\u00e3o por parte do cession\u00e1rio e revogar a lei municipal que previa a cess\u00e3o de uso para a Corsan.</a></span></p>\r\n<p style=\"text-align: justify; \"><a class=\"external-link\" href=\"https://sapl.trespassos.rs.leg.br/materia/2085\" target=\"_self\" title=\"\">\u2705Emenda n\u00ba 8 de 2022 - Subemenda \u00e0 emenda n\u00ba 4, de 2022, que modifica o art. 5\u00ba projeto de lei n\u00ba 92, de 2021, o qual autoriza o Poder Executivo a conceder o uso de im\u00f3vel para cultivo agr\u00edcola.</a></p>\r\n<p style=\"text-align: justify; \">\ud83d\udde3 O vereador que utilizou o espa\u00e7o na discuss\u00e3o da mat\u00e9ria foi: Paulinho Sattler.\u00a0</p>\r\n<p style=\"text-align: justify; \"><span>* A EMENDA N\u00ba 8/22 FOI APROVADA POR MAIORIA SIMPLES</span></p>\r\n<p style=\"text-align: justify; \"><span>* APROVADO POR UNANIMIDADE O PROJETO DE LEI COM A MENSAGEM RETIFICATIVA\u00a0</span></p>\r\n<hr />\r\n<p style=\"text-align: justify; \"><a class=\"external-link\" href=\"https://sapl.trespassos.rs.leg.br/materia/2072\" target=\"_self\" title=\"\">\u2705Projeto de Lei Ordin\u00e1ria n\u00ba 17 de 2022 - Altera a Lei 5.496, de 17 de setembro de 2019, que disp\u00f5e sobre a estrutura administrativa do Munic\u00edpio de Tr\u00eas Passos.</a></p>\r\n<p style=\"text-align: justify; \"><span><a class=\"external-link\" href=\"https://sapl.trespassos.rs.leg.br/materia/2072\" target=\"_self\" title=\"\">As altera\u00e7\u00f5es s\u00e3o no sentido de incluir o Cargo de Diretor de Tr\u00e2nsito, que ser\u00e1 ocupado por servidor que ora ocupa cargo de Diretor de Servi\u00e7os Urbanos, o qual ficar\u00e1 extinto a partir de ent\u00e3o; tamb\u00e9m ser\u00e1 extinto o Cargo de Supervisor Geral de Tr\u00e2nsito e criado o cargo de Supervisor Geral de Sinaliza\u00e7\u00e3o Vi\u00e1ria; ainda, diminui-se o n\u00famero de vagas de Supervisor para aumentar a remunera\u00e7\u00e3o dos demais.</a></span></p>\r\n<p style=\"text-align: justify; \"><span><a class=\"external-link\" href=\"https://sapl.trespassos.rs.leg.br/materia/2072\" target=\"_self\" title=\"\">O objetivo \u00e9 regularizar a Junta Administrativa de Recursos de Infra\u00e7\u00f5es - JARI e o funcionamento da Divis\u00e3o de Tr\u00e2nsito, onde as Leis Federais, Estaduais e Municipais direcionam a responsabilidade do tr\u00e2nsito para o Diretor de Tr\u00e2nsito.</a></span></p>\r\n<p style=\"text-align: justify; \"><span><a class=\"external-link\" href=\"https://sapl.trespassos.rs.leg.br/materia/2072\" target=\"_self\" title=\"\">Ainda, prop\u00f5e-se a extin\u00e7\u00e3o do Cargo se Supervisor de Servi\u00e7os de Recupera\u00e7\u00e3o e Pavimenta\u00e7\u00e3o, para reajustar a remunera\u00e7\u00e3o dos demais Supervisores, assim diminui-se de cinco para quatro o n\u00famero de vagas e amplia-se a remunera\u00e7\u00e3o. Autor: Arlei Luis Tomazoni \u2013 Prefeito Municipal</a></span></p>\r\n<p style=\"text-align: justify; \"><a class=\"external-link\" href=\"https://sapl.trespassos.rs.leg.br/materia/2072\" target=\"_self\" title=\"\">\u2705Mensagem reti\ufb01cativa enviada pelo Prefeito Municipal Municipal ao projeto de lei n\u00ba 17, de 2022, que altera a Lei 5.496, de 17 de setembro de 2019, que disp\u00f5e sobre a estrutura administrativa do Munic\u00edpio de Tr\u00eas Passos.</a></p>\r\n<p style=\"text-align: justify; \"><span><a class=\"external-link\" href=\"https://sapl.trespassos.rs.leg.br/materia/2072\" target=\"_self\" title=\"\">A altera\u00e7\u00e3o \u00e9 no requisito para provimento do cargo a ser criado de Supervisor Geral de Sinaliza\u00e7\u00e3o Vi\u00e1ria, passando de ensino fundamental completo para ensino m\u00e9dio completo.</a></span></p>\r\n<p style=\"text-align: justify; \"><span>* APROVADO POR UNANIMIDADE O PROJETO DE LEI E A MENSAGEM RETIFICATIVA</span></p>\r\n<hr />\r\n<p style=\"text-align: justify; \"><a class=\"external-link\" href=\"https://sapl.trespassos.rs.leg.br/materia/2073\" target=\"_self\" title=\"\">\u2705Projeto de Lei Ordin\u00e1ria n\u00ba 32 de 2022 - Autoriza o Poder Executivo proceder na contrata\u00e7\u00e3o emergencial de at\u00e9 dois enfermeiros, com carga hor\u00e1ria de 40 horas semanais, utilizando-se a fila de espera do processo seletivo 062/2021, para atuarem na ESF Pindorama e na Unidade de Sa\u00fade Prisional. Autor: Arlei Luis Tomazoni \u2013 Prefeito Municipal</a></p>\r\n<p style=\"text-align: justify; \"><a class=\"external-link\" href=\"https://sapl.trespassos.rs.leg.br/materia/2073\" target=\"_self\" title=\"\">\u2705Mensagem reti\ufb01cativa enviada pelo Prefeito Municipal Municipal ao projeto de lei n\u00ba 32, de 2022, que autoriza o Poder Executivo proceder na contrata\u00e7\u00e3o emergencial de at\u00e9 dois enfermeiros.</a></p>\r\n<p style=\"text-align: justify; \"><span><a class=\"external-link\" href=\"https://sapl.trespassos.rs.leg.br/materia/2073\" target=\"_self\" title=\"\">A altera\u00e7\u00e3o, principalmente, \u00e9 no sentido de que a contrata\u00e7\u00e3o emergencial ser\u00e1 de apenas um profissional enfermeiro, para atuar na Equipe de Sa\u00fade da Fam\u00edlia.\u00a0</a></span></p>\r\n<p style=\"text-align: justify; \"><span>* APROVADO POR UNANIMIDADE O PROJETO DE LEI E A MENSAGEM RETIFICATIVA</span></p>\r\n<hr />\r\n<p style=\"text-align: justify; \"><a class=\"external-link\" href=\"https://sapl.trespassos.rs.leg.br/materia/2088\" target=\"_self\" title=\"\">\u2705Projeto de Lei Ordin\u00e1ria n\u00ba 37 de 2022 - Altera a Lei Municipal n\u00ba 5.633/21, que disp\u00f5e sobre o programa de incentivo \u00e0 insemina\u00e7\u00e3o arti\ufb01cial de bovinos leiteiros no Munic\u00edpio de Tr\u00eas Passos.\u00a0</a></p>\r\n<p style=\"text-align: justify; \"><span><a class=\"external-link\" href=\"https://sapl.trespassos.rs.leg.br/materia/2088\" target=\"_self\" title=\"\">A altera\u00e7\u00e3o \u00e9 no sentido de aumentar o valor do pagamento, de at\u00e9 4 URM por dose de s\u00eamen, para 8 URM.</a></span></p>\r\n<p style=\"text-align: justify; \"><span><a class=\"external-link\" href=\"https://sapl.trespassos.rs.leg.br/materia/2088\" target=\"_self\" title=\"\">O aumento do incentivo vem a compensar alguns questionamentos referentes ao acasalamento do custo da insemina\u00e7\u00e3o artificial, que garante a qualidade gen\u00e9tica dos animais nascidos. Autor: Arlei Luis Tomazoni \u2013 Prefeito</a></span></p>\r\n<p style=\"text-align: justify; \">* APROVADO POR UNANIMIDADE</p>\r\n<p style=\"text-align: justify; \">\u00a0</p>\r\n<h3><span>NA ORDEM DO DIA FORAM DISCUTIDAS PREVIAMENTE AS SEGUINTES PROPOSI\u00c7\u00d5ES:</span></h3>\r\n<p style=\"text-align: justify; \"><span><a class=\"external-link\" href=\"https://sapl.trespassos.rs.leg.br/materia/2084\" target=\"_self\" title=\"\">\u2705Projeto de Lei Ordin\u00e1ria n\u00ba 36 de 2022 - Institui o Programa Porteira Adentro no munic\u00edpio de Tr\u00eas Passos.</a></span></p>\r\n<p style=\"text-align: justify; \"><span><a class=\"external-link\" href=\"https://sapl.trespassos.rs.leg.br/materia/2084\" target=\"_self\" title=\"\">O objetivo do Programa \u00e9 o incentivo ao desenvolvimento das atividades agropecu\u00e1rias, efetivado atrav\u00e9s de a\u00e7\u00f5es que visam proporcionar infraestrutura necess\u00e1ria para melhorias de trafegabilidade dos acessos \u00e0s propriedades rurais, do entorno (p\u00e1tio) das respectivas benfeitorias e valas de silagem de forma duradoura, garantindo o escoamento da produ\u00e7\u00e3o.</a></span></p>\r\n<p style=\"text-align: justify; \"><span><a class=\"external-link\" href=\"https://sapl.trespassos.rs.leg.br/materia/2084\" target=\"_self\" title=\"\">O incentivo ser\u00e1 no sentido de executar a pavimenta\u00e7\u00e3o poli\u00e9drica com pedras irregulares, encascalhamento e/ou revestimento com p\u00f3 de pedra em trechos de acesso \u00e0 sede da propriedade e no entorno/p\u00e1tio de suas benfeitorias e valas de silagem, conforme normativas legais e interesse dos produtores rurais. Autor: Arlei Luis Tomazoni \u2013 Prefeito</a></span></p>\r\n<p style=\"text-align: justify; \">\ud83d\udde3 Os vereadores que utilizaram o espa\u00e7o na discuss\u00e3o pr\u00e9via do projeto foram: Jair Locatelli e Jo\u00e3o Boll</p>\r\n<hr />\r\n<p style=\"text-align: justify; \"><a class=\"external-link\" href=\"https://sapl.trespassos.rs.leg.br/materia/2094\" target=\"_self\" title=\"\">\u2705Projeto de Lei Ordin\u00e1ria n\u00ba 38 de 2022- Disp\u00f5e sobre o recebimento e a destina\u00e7\u00e3o de patroc\u00ednio e apoio, mediante contrapartida de publicidade, para os eventos realizados pelo Munic\u00edpio de Tr\u00eas Passos/RS e espa\u00e7os p\u00fablicos, tais como campanhas, feiras, festivais, congressos, shows, semin\u00e1rios e festividades.</a></p>\r\n<p style=\"text-align: justify; \"><span><a class=\"external-link\" href=\"https://sapl.trespassos.rs.leg.br/materia/2094\" target=\"_self\" title=\"\">Por patroc\u00ednio, entende-se toda a transfer\u00eancia de apoio/bens/servi\u00e7os para a realiza\u00e7\u00e3o de eventos promovidos pelo Munic\u00edpio, de forma gratuita e em car\u00e1ter definitivo, sendo um meio de facilitar/auxiliar eventos sociais de car\u00e1ter p\u00fablico. Autor: Arlei Luis Tomazoni \u2013 Prefeito Municipal</a></span></p>\r\n<p style=\"text-align: justify; \">\ud83d\udde3 Os vereadores que utilizaram o espa\u00e7o na discuss\u00e3o pr\u00e9via do projeto foram: Flavio Habitzreiter e Jo\u00e3o Boll</p>\r\n<hr />\r\n<p style=\"text-align: justify; \"><a class=\"external-link\" href=\"https://sapl.trespassos.rs.leg.br/materia/2095\" target=\"_self\" title=\"\">\u2705Projeto de Lei Ordin\u00e1ria n\u00ba 39 de 2022 - Autoriza o Poder Executivo a celebrar Termo de Conv\u00eanio de Coopera\u00e7\u00e3o com o Munic\u00edpio de Crissiumal/RS, visando a uni\u00e3o de esfor\u00e7os para constru\u00e7\u00e3o de uma ponte sobre o Rio Lajeado Grande, que faz divisa entre estes Munic\u00edpios, na estrada intermunicipal que liga as localidades de Linhas Cat\u00f3lica e Santo Ant\u00f4nio, em fun\u00e7\u00e3o de que a ponte foi sido destru\u00edda neste, devido \u00e0 intensa precipita\u00e7\u00e3o pluviom\u00e9trica. Autor: Arlei Luis Tomazoni - Prefeito Municipal</a></p>\r\n<p style=\"text-align: justify; \">\ud83d\udde3 Os vereadores que utilizaram o espa\u00e7o na discuss\u00e3o pr\u00e9via do projeto foram: Flavio Habitzreiter e Jo\u00e3o Boll</p>\r\n<hr />\r\n<p style=\"text-align: justify; \"><a class=\"external-link\" href=\"https://sapl.trespassos.rs.leg.br/materia/2096\" target=\"_self\" title=\"\">\u2705Projeto de Lei Ordin\u00e1ria n\u00ba 40 de 2022- Autoriza o Poder Executivo Municipal a contratar temporariamente e sob regime emergencial e de excepcional interesse p\u00fablico at\u00e9 02 (dois) Secret\u00e1rios de Escola.\u00a0</a></p>\r\n<p style=\"text-align: justify; \"><span><a class=\"external-link\" href=\"https://sapl.trespassos.rs.leg.br/materia/2096\" target=\"_self\" title=\"\">A cria\u00e7\u00e3o dessas duas vagas tem o intuito de suprir a vaga da Secret\u00e1ria que entrar\u00e1 em licen\u00e7a maternidade, e a outra vaga ser\u00e1 para cadastro reserva.</a></span></p>\r\n<p style=\"text-align: justify; \"><span><a class=\"external-link\" href=\"https://sapl.trespassos.rs.leg.br/materia/2096\" target=\"_self\" title=\"\">A forma de sele\u00e7\u00e3o ser\u00e1 atrav\u00e9s da utiliza\u00e7\u00e3o da lista de aprovados do Processo Seletivo Simplificado -\u00a0 edital n\u00ba 0232/2021. Autor: Arlei Luis Tomazoni \u2013 Prefeito Municipal.</a></span></p>\r\n<p style=\"text-align: justify; \">\ud83d\udde3 Os vereadores que utilizaram o espa\u00e7o na discuss\u00e3o pr\u00e9via do projeto foram: Flavio Habitztreiter e Evandro Mohr</p>\r\n<hr />\r\n<p style=\"text-align: justify; \"><a class=\"external-link\" href=\"https://sapl.trespassos.rs.leg.br/materia/2097\" target=\"_self\" title=\"\">\u2705Projeto de Lei Ordin\u00e1ria n\u00ba 41 de 2022 - Altera a Lei 5490/19 que disp\u00f5e sobre o plano de classi\ufb01ca\u00e7\u00e3o de cargos e fun\u00e7\u00f5es do Instituto de Previd\u00eancia dos Servidores P\u00fablicos de Tr\u00eas Passos \u2013 IPSTP.\u00a0</a></p>\r\n<p style=\"text-align: justify; \"><span><a class=\"external-link\" href=\"https://sapl.trespassos.rs.leg.br/materia/2097\" target=\"_self\" title=\"\">A altera\u00e7\u00e3o da Lei \u00e9 no sentido de ampliar a carga hor\u00e1ria do cargo de contador do Instituto de Previd\u00eancia, passando de 20 horas semanais para 37,5 horas semanais, com a finalidade de suprir \u00e0s crescentes demandas de trabalho do cargo. Autor: Arlei Luis Tomazoni - Prefeito Municipal</a></span></p>\r\n<p style=\"text-align: justify; \">\ud83d\udde3 Os vereadores que utilizaram o espa\u00e7o na discuss\u00e3o pr\u00e9via do projeto foram: Flavio Habitztreiter e Evandro Mohr</p>\r\n<hr />\r\n<p style=\"text-align: justify; \"><a class=\"external-link\" href=\"https://sapl.trespassos.rs.leg.br/materia/2098\" target=\"_self\" title=\"\">\u2705Projeto de Lei Ordin\u00e1ria n\u00ba 42 de 2022 - Autoriza o Poder Executivo Municipal a contratar temporariamente e sob regime emergencial e de excepcional interesse p\u00fablico at\u00e9 10 (dez) operadores, visto que atualmente no quadro municipal temos 22 cargos de operador para a Secretaria de Transportes, Agricultura e Obras e Via\u00e7\u00e3o, sendo destes 05 cargos vagos e 05 servidores afastados.</a></p>\r\n<p style=\"text-align: justify; \"><span><a class=\"external-link\" href=\"https://sapl.trespassos.rs.leg.br/materia/2098\" target=\"_self\" title=\"\">Al\u00e9m disso, no ano de 2021 foram recebidos dois rolos compactadores novos, duas retroescavadeiras novas e uma moto niveladora. Autor: Arlei Luis Tomazoni - Prefeito Municipal</a></span></p>\r\n<p style=\"text-align: justify; \">\ud83d\udde3 Os vereadores que utilizaram o espa\u00e7o na discuss\u00e3o pr\u00e9via do projeto foram:Flavio Habitztreiter, Jo\u00e3o Boll, Evandro Mohr e Jair Locatelli</p>\r\n<hr />\r\n<p style=\"text-align: justify; \"><a class=\"external-link\" href=\"https://sapl.trespassos.rs.leg.br/materia/2099\" target=\"_self\" title=\"\">\u2705Projeto de Lei Ordin\u00e1ria n\u00ba 43 de 2022 -Autoriza o Poder Executivo Municipal a contratar temporariamente e sob regime emergencial e de excepcional interesse p\u00fablico dois engenheiros civis.\u00a0</a></p>\r\n<p style=\"text-align: justify; \"><span><a class=\"external-link\" href=\"https://sapl.trespassos.rs.leg.br/materia/2099\" target=\"_self\" title=\"\">Atualmente, no quadro de cargos existe somente uma engenheira civil concursada e uma engenheira civil com contrato emergencial, que vence em agosto deste ano.</a></span></p>\r\n<p style=\"text-align: justify; \"><span><a class=\"external-link\" href=\"https://sapl.trespassos.rs.leg.br/materia/2099\" target=\"_self\" title=\"\">Tendo em vista a demanda existe no munic\u00edpio em servi\u00e7os de realiza\u00e7\u00e3o de projetos na \u00e1rea de pavimenta\u00e7\u00e3o de ruas, projetos de reforma e constru\u00e7\u00e3o de escolas, creches e postos de sa\u00fade a contrata\u00e7\u00e3o emergencial torna-se necess\u00e1ria e urgente.\u00a0 Autor: Arlei Luis Tomazoni - Prefeito Municipal</a></span></p>\r\n<p style=\"text-align: justify; \">\ud83d\udde3 Os vereadores que utilizaram o espa\u00e7o na discuss\u00e3o pr\u00e9via do projeto foram: Jair Locatelli e Jo\u00e3o Boll</p>\r\n<hr />\r\n<p style=\"text-align: justify; \">\u2705<a class=\"external-link\" href=\"https://sapl.trespassos.rs.leg.br/materia/2100\" target=\"_self\" title=\"\">Projeto de Lei Ordin\u00e1ria n\u00ba 44 de 2022 - Autoriza o Poder Executivo Municipal a contratar temporariamente e sob regime emergencial e de excepcional interesse p\u00fablico dois engenheiros civis.\u00a0</a></p>\r\n<p style=\"text-align: justify; \"><span><a class=\"external-link\" href=\"https://sapl.trespassos.rs.leg.br/materia/2100\" target=\"_self\" title=\"\">Atualmente, no quadro de cargos existe somente uma engenheira civil concursada e uma engenheira civil com contrato emergencial, que vence em agosto deste ano.</a></span></p>\r\n<p style=\"text-align: justify; \"><span><a class=\"external-link\" href=\"https://sapl.trespassos.rs.leg.br/materia/2100\" target=\"_self\" title=\"\">Tendo em vista a demanda existe no munic\u00edpio em servi\u00e7os de realiza\u00e7\u00e3o de projetos na \u00e1rea de pavimenta\u00e7\u00e3o de ruas, projetos de reforma e constru\u00e7\u00e3o de escolas, creches e postos de sa\u00fade a contrata\u00e7\u00e3o emergencial torna-se necess\u00e1ria e urgente.\u00a0 Autor: Arlei Luis Tomazoni - Prefeito Municipal</a></span></p>\r\n<p style=\"text-align: justify; \">\ud83d\udde3 Os vereadores que utilizaram o espa\u00e7o na discuss\u00e3o pr\u00e9via do projeto foram: Jair Locatelli e Evandro Mohr</p>\r\n<hr />\r\n<p style=\"text-align: justify; \">\u2705<a class=\"external-link\" href=\"https://sapl.trespassos.rs.leg.br/materia/2101\" target=\"_self\" title=\"\">Projeto de Lei Ordin\u00e1ria n\u00ba 45 de 2022- Autoriza o Poder Executivo\u00a0 Municipal\u00a0 a contratar temporariamente e sob regime emergencial e de excepcional interesse p\u00fablico dois top\u00f3grafos.\u00a0</a></p>\r\n<p style=\"text-align: justify; \"><span><a class=\"external-link\" href=\"https://sapl.trespassos.rs.leg.br/materia/2101\" target=\"_self\" title=\"\">Atualmente existe no quadro um cargo de top\u00f3grafo efetivo vago e um emergencial ocupado, cujo contrato encerra em setembro do corrente ano.</a></span></p>\r\n<p style=\"text-align: justify; \"><span><a class=\"external-link\" href=\"https://sapl.trespassos.rs.leg.br/materia/2101\" target=\"_self\" title=\"\">\u00c9 necess\u00e1rio mais um profissional top\u00f3grafo para atender \u00e0s demandas de levantamento topogr\u00e1ficos e georreferenciados para encaminhar projetos e seus desmembramentos e unifica\u00e7\u00f5es, bem como da necessidade dos levantamentos topogr\u00e1ficos das ruas a serem asfaltadas. Autor: Arlei Luis Tomazoni - Prefeito Municipal</a></span></p>\r\n<p style=\"text-align: justify; \">\ud83d\udde3 Os vereadores que utilizaram o espa\u00e7o na discuss\u00e3o pr\u00e9via do projeto foram: Jair Locatelli e Jo\u00e3o Boll</p>\r\n<hr />\r\n<p style=\"text-align: justify; \">\u2705<a class=\"external-link\" href=\"https://sapl.trespassos.rs.leg.br/materia/2102\" target=\"_self\" title=\"\">Projeto de Lei Ordin\u00e1ria n\u00ba 46 de 2022 - Autoriza o Poder Executivo Municipal\u00a0 a\u00a0 contratar\u00a0 temporariamente e sob regime emergencial e de excepcional interesse p\u00fablico dois \ufb01scais de obras.\u00a0</a></p>\r\n<p style=\"text-align: justify; \"><span><a class=\"external-link\" href=\"https://sapl.trespassos.rs.leg.br/materia/2102\" target=\"_self\" title=\"\">Atualmente existem no quadro duas vagas para o cargo efetivo, sendo que havia uma vaga de contrato emergencial, cuja vig\u00eancia da lei expirou.\u00a0</a></span></p>\r\n<p style=\"text-align: justify; \"><span><a class=\"external-link\" href=\"https://sapl.trespassos.rs.leg.br/materia/2102\" target=\"_self\" title=\"\">O \u00fanico fiscal efetivo em atividade j\u00e1 possui tempo de servi\u00e7o para se aposentar, profissional este que n\u00e3o consegue atender a toda a demanda. Autor: Arlei Luis Tomazoni - Prefeito Municipal</a></span></p>\r\n<p style=\"text-align: justify; \">\ud83d\udde3 Os vereadores que utilizaram o espa\u00e7o na discuss\u00e3o pr\u00e9via do projeto foram: Jair Locatelli e Evandro\u00a0 Mohr</p>\r\n<hr />\r\n<p style=\"text-align: justify; \"><a class=\"external-link\" href=\"https://sapl.trespassos.rs.leg.br/materia/2103\" target=\"_self\" title=\"\">\u2705Projeto de Lei Ordin\u00e1ria n\u00ba 47 de 2022 - Autoriza o Poder Executivo Municipal\u00a0 a\u00a0 contratar\u00a0 temporariamente e sob regime emergencial e de excepcional interesse p\u00fablico dois \ufb01scais de obras.\u00a0</a></p>\r\n<p style=\"text-align: justify; \"><span><a class=\"external-link\" href=\"https://sapl.trespassos.rs.leg.br/materia/2103\" target=\"_self\" title=\"\">Atualmente existem no quadro duas vagas para o cargo efetivo, sendo que havia uma vaga de contrato emergencial, cuja vig\u00eancia da lei expirou.\u00a0</a></span></p>\r\n<p style=\"text-align: justify; \"><span><a class=\"external-link\" href=\"https://sapl.trespassos.rs.leg.br/materia/2103\" target=\"_self\" title=\"\">O \u00fanico fiscal efetivo em atividade j\u00e1 possui tempo de servi\u00e7o para se aposentar, profissional este que n\u00e3o consegue atender a toda a demanda. Autor: Arlei Luis Tomazoni - Prefeito Municipal</a></span></p>\r\n<p style=\"text-align: justify; \">\ud83d\udde3 Os vereadores que utilizaram o espa\u00e7o na discuss\u00e3o pr\u00e9via do projeto foram: Flavio Habitzreiter, Jo\u00e3o Boll, Gilmar Maier, Jair Locatelli e Edivan Baron</p>\r\n<hr />\r\n<p style=\"text-align: justify; \"><a class=\"external-link\" href=\"https://sapl.trespassos.rs.leg.br/materia/2104\" target=\"_self\" title=\"\">\u2705Projeto de Lei Ordin\u00e1ria n\u00ba 48 de 2022 - Autoriza o Poder Executivo Municipal a contratar temporariamente e sob regime emergencial e de excepcional interesse p\u00fablico dois pintores.\u00a0</a></p>\r\n<p style=\"text-align: justify; \"><span><a class=\"external-link\" href=\"https://sapl.trespassos.rs.leg.br/materia/2104\" target=\"_self\" title=\"\">No quadro, hoje, existem dois cargos de pintor, que est\u00e3o vagos, sendo que diante da demanda de muita pintura, como a sinaliza\u00e7\u00e3o das vias p\u00fablicas, pr\u00e9dios p\u00fablicos administrativos, escolas, creches, postos de sa\u00fade e pra\u00e7as, faz-se necess\u00e1ria a contrata\u00e7\u00e3o emergencial. Autor: Arlei Luis Tomazoni - Prefeito Municipal</a></span></p>\r\n<p style=\"text-align: justify; \">\ud83d\udde3 O vereador que utilizou o espa\u00e7o na discuss\u00e3o pr\u00e9via do projeto foi: Jo\u00e3o Boll</p>\r\n<hr />\r\n<p style=\"text-align: justify; \"><a class=\"external-link\" href=\"https://sapl.trespassos.rs.leg.br/materia/2105\" target=\"_self\" title=\"\">\u2705Projeto de Lei Ordin\u00e1ria n\u00ba 49 de 2022 - Autoriza o Poder Executivo\u00a0 Municipal\u00a0 a contratar temporariamente e sob regime emergencial e de excepcional interesse p\u00fablico at\u00e9 15 oper\u00e1rios.</a></p>\r\n<p style=\"text-align: justify; \"><span><a class=\"external-link\" href=\"https://sapl.trespassos.rs.leg.br/materia/2105\" target=\"_self\" title=\"\">S\u00e3o 40 cargos de oper\u00e1rio existentes hoje no quadro, sendo que constam 32 vagas ocupadas em todas as Secretarias.</a></span></p>\r\n<p style=\"text-align: justify; \"><span><a class=\"external-link\" href=\"https://sapl.trespassos.rs.leg.br/materia/2105\" target=\"_self\" title=\"\">A Secretaria de Obras n\u00e3o consegue atender a todas demandas de servi\u00e7os solicitados, como por exemplo as situa\u00e7\u00f5es das vias p\u00fablicas, sendo necess\u00e1ria a contrata\u00e7\u00e3o emergencial. Autor: Arlei Luis Tomazoni - Prefeito Municipal</a></span></p>\r\n<p style=\"text-align: justify; \">\u00a0\ud83d\udde3 Os vereadores que utilizaram o espa\u00e7o na discuss\u00e3o pr\u00e9via do projeto foram: Jair Locatelli e Evandro Mohr</p>\r\n<p style=\"text-align: justify; \"><span><br /></span></p>\r\n<h3><span>*** RESUMO DAS PROPOSI\u00c7\u00d5ES LIDAS NO EXPEDIENTE***</span></h3>\r\n<p style=\"text-align: justify; \">\u2705<a class=\"external-link\" href=\"https://sapl.trespassos.rs.leg.br/materia/2110\" target=\"_self\" title=\"\">Projeto de Lei Ordin\u00e1ria n\u00ba 50 de 2022, Altera a Lei 4.426/10 que disp\u00f5e sobre o novo plano de carreira do Magist\u00e9rio P\u00fablico Municipal de Tr\u00eas Passos.\u00a0</a></p>\r\n<p style=\"text-align: justify; \"><span><a class=\"external-link\" href=\"https://sapl.trespassos.rs.leg.br/materia/2110\" target=\"_self\" title=\"\">A altera\u00e7\u00e3o na Lei \u00e9 no sentido de ampliar o n\u00famero de vagas dos cargos da Classe A, de 12 para 170, para a realiza\u00e7\u00e3o do Concurso P\u00fablico do Magist\u00e9rio, uma vez que, todo professor ao ingressar na carreira, inicia na Classe A, mas as atuais 12 vagas existentes n\u00e3o ser\u00e3o suficientes para suprir a necessidade. Autor: Arlei Luis Tomazoni \u2013 Prefeito Municipal</a></span></p>\r\n<p style=\"text-align: justify; \">DESIGNA\u00c7\u00c3O DOS RELATORES NAS COMISS\u00d5ES PERMANENTES:</p>\r\n<p style=\"text-align: justify; \"><span>CCR: Flavio Habitzreiter</span></p>\r\n<p style=\"text-align: justify; \"><span>COF: Evandro Mohr</span></p>\r\n<hr />\r\n<p style=\"text-align: justify; \">\u2705<a class=\"external-link\" href=\"https://sapl.trespassos.rs.leg.br/materia/2111\" target=\"_self\" title=\"\">Projeto de Lei Ordin\u00e1ria n\u00ba 51 de 2022- ALTERA A LEI MUNICIPAL N\u00ba 3.544, DE 08 DE NOVEMBRO DE 2000, a qual instituiu o plano de custeio do Regime de Previd\u00eancia Social dos Servidores P\u00fablicos do Munic\u00edpio de Tr\u00eas Passos.\u00a0</a></p>\r\n<p style=\"text-align: justify; \"><span><a class=\"external-link\" href=\"https://sapl.trespassos.rs.leg.br/materia/2111\" target=\"_self\" title=\"\">A altera\u00e7\u00e3o na lei refere-se especialmente ao pagamento do Custeio Suplementar \u2013 Passivo Atuarial, de forma a compatibilizar as informa\u00e7\u00f5es contidas no sistema de Previd\u00eancia Social com a nova proje\u00e7\u00e3o atuarial, passando o Munic\u00edpio a pagar aportes mensais com aumentos graduais e constantes, incidentes sobre a totalidade da remunera\u00e7\u00e3o da contribui\u00e7\u00e3o dos segurados, conforme tabela. Autor: Arlei Luis Tomazoni \u2013 Prefeito Municipal</a></span></p>\r\n<p style=\"text-align: justify; \">DESIGNA\u00c7\u00c3O DOS RELATORES NAS COMISS\u00d5ES PERMANENTES:</p>\r\n<p style=\"text-align: justify; \"><span>CCR: Jair Locatelli</span></p>\r\n<p style=\"text-align: justify; \"><span>COF: Evandro Mohr</span></p>\r\n<hr />\r\n<p style=\"text-align: justify; \">\u2705<a class=\"external-link\" href=\"https://sapl.trespassos.rs.leg.br/materia/2112\" target=\"_self\" title=\"\">Projeto de Lei Ordin\u00e1ria n\u00ba 53 de 2022- Altera a Lei Municipal n\u00ba 5.496, de 17 de setembro de 2019, que disp\u00f5e sobre a reestrutura\u00e7\u00e3o do plano de classi\ufb01ca\u00e7\u00e3o de cargos e fun\u00e7\u00f5es, cria\u00e7\u00e3o e extin\u00e7\u00e3o de cargos, estabelece o plano de pagamento.</a></p>\r\n<p style=\"text-align: justify; \"><span><a class=\"external-link\" href=\"https://sapl.trespassos.rs.leg.br/materia/2112\" target=\"_self\" title=\"\">A altera\u00e7\u00e3o na lei \u00e9 no sentido de transferir o setor do Turismo para a Secretaria Municipal de Ind\u00fastria, Com\u00e9rcio e Servi\u00e7os, e modificar a nomenclatura desta Pasta para Secretaria Municipal de Desenvolvimento e Inova\u00e7\u00e3o. Autor: Arlei Luis Tomazoni - Prefeito Municipal</a></span></p>\r\n<p style=\"text-align: justify; \">DESIGNA\u00c7\u00c3O DOS RELATORES NAS COMISS\u00d5ES PERMANENTES:</p>\r\n<p style=\"text-align: justify; \"><span>CCR: Gilmar Maier</span></p>\r\n<p style=\"text-align: justify; \"><span>COF: Evandro Mohr</span></p>\r\n<p style=\"text-align: justify; \"><span><br /></span></p>\r\n<h3><span>** RESUMO DO REQUERIMENTO E PEDIDOS DE PROVID\u00caNCIAS APRESENTADOS PELOS PARLAMENTARES***</span></h3>\r\n<p style=\"text-align: justify; \">\u25b6\ufe0f<a class=\"external-link\" href=\"https://sapl.trespassos.rs.leg.br/materia/2114\" target=\"_self\" title=\"\">Requerimento n\u00ba 12 de 2022, Requer licen\u00e7a para tratar de assuntos de interesse particular, sem remunera\u00e7\u00e3o, no per\u00edodo de 2 de maio de 2022 a 11 de maio de 2022.\u00a0</a></p>\r\n<p style=\"text-align: justify; \"><span><a class=\"external-link\" href=\"https://sapl.trespassos.rs.leg.br/materia/2114\" target=\"_self\" title=\"\">Autor: Jo\u00e3o Boll \u2013 Vereador do PP</a></span></p>\r\n<p style=\"text-align: justify; \">\u25b6\ufe0f<a class=\"external-link\" href=\"https://sapl.trespassos.rs.leg.br/materia/2107\" target=\"_self\" title=\"\">Pedido de Provid\u00eancias n\u00ba 60 de 2022, Solicita a instala\u00e7\u00e3o de faixa elevada para pedestre em frente \u00e0 Escola Primeiros Passos, considerando o movimento da escola, crian\u00e7as que aguardam o transporte escolar, CIAC SUS, clientes do mercado e clientes da fruteira.\u00a0</a></p>\r\n<p style=\"text-align: justify; \"><span><a class=\"external-link\" href=\"https://sapl.trespassos.rs.leg.br/materia/2107\" target=\"_self\" title=\"\">Autor: Paulo Sattler, com o apoio dos vereadores Edivan Baron, Flavio Habitzreiter, Gilmar Maier, Luis da Silva, Nelita Real</a></span></p>\r\n<p style=\"text-align: justify; \">\u25b6\ufe0f<a class=\"external-link\" href=\"https://sapl.trespassos.rs.leg.br/materia/2108\" target=\"_self\" title=\"\">Pedido de Provid\u00eancias n\u00ba 61 de 2022, Solicita a instala\u00e7\u00e3o de bancos e uma cobertura em frente ao CIAC SUS, para os pacientes que aguardam consulta, considerando que boa parte dos pacientes s\u00e3o pessoas de idade, gestantes e pais com crian\u00e7a de colo.\u00a0</a></p>\r\n<p style=\"text-align: justify; \"><span><a class=\"external-link\" href=\"https://sapl.trespassos.rs.leg.br/materia/2108\" target=\"_self\" title=\"\">Autor: Paulo Sattler, com o apoio dos vereadores Edivan Baron, Flavio Habitzreiter, Gilmar Maier, Luis da Silva, Nelita Real</a></span></p>\r\n<p style=\"text-align: justify; \">\u25b6\ufe0f<a class=\"external-link\" href=\"https://sapl.trespassos.rs.leg.br/materia/2109\" target=\"_self\" title=\"\">Pedido de Provid\u00eancias n\u00ba 62 de 2022, Solicita o cascalhamento e rolagem do cerro pr\u00f3ximo a propriedade de Elo Fockin, em Vista Alegre Bela Vista, devido que os agricultores encontram di\ufb01culdades para circular com as maquin\u00e1rios agr\u00edcolas naquele local.\u00a0</a></p>\r\n<p style=\"text-align: justify; \"><span><a class=\"external-link\" href=\"https://sapl.trespassos.rs.leg.br/materia/2109\" target=\"_self\" title=\"\">Autor: Flavio Habitzreiter, com o apoio dos vereadores Edivan Baron, Gilmar Maier, Luis da Silva, Nelita Real, Paulo Sattler,</a></span></p>\r\n<p style=\"text-align: justify; \">\u25b6\ufe0f<a class=\"external-link\" href=\"https://sapl.trespassos.rs.leg.br/materia/2113\" target=\"_self\" title=\"\">Pedido de Provid\u00eancias n\u00ba 63 de 2022, Solicita a instala\u00e7\u00e3o de uma parada de \u00f4nibus na localidade de Lajeado Cascatinha, pr\u00f3ximo \u00e0 Ervateira Celeiro, bem como de um quebra-molas (redutor de velocidade), pois v\u00e1rias crian\u00e7as esperam o \u00f4nibus escolar naquele local.\u00a0</a></p>\r\n<p style=\"text-align: justify; \"><span><a class=\"external-link\" href=\"https://sapl.trespassos.rs.leg.br/materia/2113\" target=\"_self\" title=\"\">Autor: Paulo Sattler, com o apoio dos vereadores Edivan Baron, Flavio Habitzreiter, Gilmar Maier, Luis da Silva, Nelita Real</a></span></p>\r\n<p style=\"text-align: justify; \">\u00a0</p>\r\n<h3>*** TRIBUNA POPULAR***</h3>\r\n<p style=\"text-align: justify; \"><span>O espa\u00e7o da Tribuna Popular foi ocupada pela representante dos profissionais de Agentes de Combate a Endemias da Prefeitura Municipal de Tr\u00eas Passos, Sra. Andreia Oliveira, Enfermeira Coordenadora dos Agentes de Endemias.</span></p>\r\n<p style=\"text-align: justify; \">Na oportunidade a coordenadora pediu a ajuda e colabora\u00e7\u00e3o da comunidade para combater o mosquito Aedes aegypti, que \u00e9 o mosquito transmissor da dengue, para que a popula\u00e7\u00e3o mantenha\u00a0 seus p\u00e1tios limpos, bem como as calhas e principalmente as caixas d'\u00e1gua.\u00a0</p>\r\n<p style=\"text-align: justify; \">Foi explanada ainda, sobre o panorama da dengue no munic\u00edpio, que no ano de 2020 foi de 449 doentes sendo 507 notificados, em 2021 teve 3 casos de dengue e 29 notificados e no ano de 2022 at\u00e9 o momento tem 8 casos positivos e 43 notifica\u00e7\u00f5es.</p>\r\n<p style=\"text-align: justify; \">Algumas das atividades desenvolvidas no combate ao mosquito s\u00e3o: entrega de sombrite, sendo que at\u00e9 o momento foram entregues 664 sombrites, entrega de pedras de cloro, trabalho de preven\u00e7\u00e3o e conscientiza\u00e7\u00e3o, vistoria nas resid\u00eancias, fumac\u00ea nas ruas do munic\u00edpio, trabalho este realizado por oito agentes de endemias.</p>\r\n<p style=\"text-align: justify; \">Os principais sintomas da dengue s\u00e3o: mancha vermelha no corpo, dor muscular, fadiga, dor de cabe\u00e7a, dor no fundo dos olhos, febre (maior que 38,5\u00baC), perda de apetite e dor abdominal, caso a pessoa apresente esses sintomas, dever\u00e1 procurar o m\u00e9dico para diagn\u00f3stico e tratamento.\u00a0</p>\r\n<p style=\"text-align: justify; \">Os vereadores Jo\u00e3o Boll, Luis da Silva, Liane Konrad,Gilmar Maier, Flavio Habitzreiter, Evandro Mohr, Nelita Real, Ingomar Sandtner, Jair Locatelli e Paulinho Sattler fizeram perguntas aos convidados.</p>\r\n<p style=\"text-align: justify; \"><span><br /></span></p>\r\n<h3><span>*** GRANDE EXPEDIENTE E EXPLICA\u00c7\u00d5ES PESSOAIS***</span></h3>\r\n<p style=\"text-align: justify; \"><span>O espa\u00e7o do Grande Expediente e das Explica\u00e7\u00f5es Pessoais foram suprimidos.\u00a0</span></p>\r\n<p style=\"text-align: justify; \"><span><br /></span></p>\r\n<p style=\"text-align: justify; \"><span>*Esta mat\u00e9ria \u00e9 uma publica\u00e7\u00e3o informativa. As informa\u00e7\u00f5es aqui contidas s\u00e3o resumidas para uma melhor adequa\u00e7\u00e3o do conte\u00fado ao site. Todas as mat\u00e9rias legislativas constantes da mesma poder\u00e3o ser consultadas em sua integralidade no endere\u00e7o:\u00a0 https://trespassos.rs.leg.br/processo-legislativo/sessoes-plenarias ou poder\u00e1 ser acessado o v\u00eddeo da sess\u00e3o atrav\u00e9s da p\u00e1gina do Facebook\u00a0 (https://www.facebook.com/CamaradeVereadoresdeTresPassos).</span></p>", "author_name": "", "version": "1.0", "author_url": "https://www.trespassos.rs.leg.br/author/Camara", "provider_name": "C\u00e2mara Municipal de Tr\u00eas Passos - RS", "type": "rich"}