{"provider_url": "https://www.trespassos.rs.leg.br", "title": "REALIZADA A 30\u00aa SESS\u00c3O ORDIN\u00c1RIA ", "html": "<p><span>Foi realizada na noite desta segunda-feira, 06 de Setembro, a 30\u00aa Sess\u00e3o Ordin\u00e1ria da C\u00e2mara Municipal de Tr\u00eas Passos, no plen\u00e1rio do Legislativo com transmiss\u00e3o ao vivo por meio da p\u00e1gina do Facebook da C\u00e2mara de Vereadores, simultaneamente pelo Canal do Youtube e posteriormente sendo transmitida pela R\u00e1dio Difusora.</span></p>\r\n<p>\u00a0<span>** POSSE DA VEREADORA SUPLENTE**</span></p>\r\n<h3><span>A primeira suplente de vereadora Marcia Cristina de Oliveira, prestou o compromisso de posse e assinou o respectivo termo, assumindo assim a vaga da Bancada do PT, em fun\u00e7\u00e3o da licen\u00e7a do titular, vereador Diego Hider Maciel, que pediu afastamento para tratar assuntos de interesse particular, sem remunera\u00e7\u00e3o, pelo per\u00edodo de 01 a 30 de Setembro de 2021.</span></h3>\r\n<hr />\r\n<p>\u00a0<span>*** NA ORDEM DO DIA FORAM DISCUTIDAS PREVIAMENTE AS SEGUINTES PROPOSI\u00c7\u00d5ES***</span></p>\r\n<h3><span>\u2705<a class=\"external-link\" href=\"https://sapl.trespassos.rs.leg.br/materia/1670\" target=\"_self\" title=\"\">Projeto de Lei Ordin\u00e1ria n\u00ba 56 de 2021- Autoriza o Poder Executivo proceder\u00a0 na\u00a0 contrata\u00e7\u00e3o emergencial de 02 (dois) professores de educa\u00e7\u00e3o f\u00edsica (bachar\u00e9is) para atuar junto ao N\u00facleo de Apoio \u00e0 Sa\u00fade da Fam\u00edlia \u2013 NASF, com carga hor\u00e1ria semanal de 40 horas e remunera\u00e7\u00e3o n\u00edvel 01, classe A do Plano de Carreira do Magist\u00e9rio P\u00fablico Municipal.\u00a0</a></span></h3>\r\n<p><a class=\"external-link\" href=\"https://sapl.trespassos.rs.leg.br/materia/1670\" target=\"_self\" title=\"\">Os profissionais que atuam junto ao NASF ter\u00e3o seus contratos encerrados em novembro de 2021. Autor: Arlei Luis Tomazoni \u2013 Prefeito Municipal.</a></p>\r\n<p>\ud83d\udde3 Os vereadores que utilizaram o espa\u00e7o na discuss\u00e3o pr\u00e9via do projeto foram: Edivan Baron, Paulinho Sattler, Marcia de Oliveira e Osvaldir Urnau.</p>\r\n<p><span>\u2705<a class=\"external-link\" href=\"https://sapl.trespassos.rs.leg.br/materia/1695\" target=\"_self\" title=\"\">Projeto de Lei Ordin\u00e1ria n\u00ba 61 de 2021 -\u00a0 Autoriza o Poder Executivo a promover o Programa de est\u00edmulo \u00e0 emiss\u00e3o de notas fiscais e a firmar conv\u00eanio e parceria com a CACIS.\u00a0 Autor: Arlei Luis Tomazoni \u2013 Prefeito Municipal.</a></span></p>\r\n<p><a class=\"external-link\" href=\"https://sapl.trespassos.rs.leg.br/materia/1695\" target=\"_self\" title=\"\">**Mensagem retificativa enviada pelo Prefeito Municipal ao projeto de lei n\u00ba 61/21- Autoriza o Poder Executivo a promover o Programa de est\u00edmulo \u00e0 emiss\u00e3o de notas fiscais e a firmar contrato e parceria com a CACIS. O contrato \u00e9 destinado para participa\u00e7\u00e3o e incentivo da 20\u00aa Edi\u00e7\u00e3o do Caminh\u00e3o de Pr\u00eamios da CACIS, realizada atrav\u00e9s da entrega de cautelas, as quais possibilitar\u00e3o que os consumidores e contribuintes concorram aos pr\u00eamios sorteados durante a campanha. A participa\u00e7\u00e3o do Munic\u00edpio dar-se-\u00e1 por meio da concess\u00e3o de subs\u00eddio destinado ao pagamento de despesas do Caminh\u00e3o de Pr\u00eamios da Cacis, at\u00e9 o montante R$ 20.000,00, recebendo, em contrapartida, o retorno de ICMS e 8.000 cautelas. A Administra\u00e7\u00e3o Municipal distribuir\u00e1 cautelas, em contrapartida \u00e0 apresenta\u00e7\u00e3o de notas e cupons fiscais referentes ao pagamento de tributos ocorridos no per\u00edodo\u00a0<span>da campanha. Tal distribui\u00e7\u00e3o ocorrer\u00e1 atrav\u00e9s da Secretaria de Finan\u00e7as deste Munic\u00edpio, junto\u00a0</span><span>\u00e0 Divis\u00e3o de Tributos, Secretaria Municipal de Ind\u00fastria, Com\u00e9rcio e Servi\u00e7os, postos de sa\u00fade e escolas municipais.</span></a></p>\r\n<p>\ud83d\udde3 Os vereadores que utilizaram o espa\u00e7o na discuss\u00e3o pr\u00e9via do projeto foram: Jair Locatelli, Luis da Silva, Paulinho Sattler, Marcia de Oliveira, Jo\u00e3o Boll e Edivan Baron.</p>\r\n<hr />\r\n<p>\u00a0<span>*** CONSELHO DE \u00c9TICA E DECORO PARLAMENTENTAR***</span></p>\r\n<h3><span>Com base no art. 13 do Regimento Interno desta C\u00e2mara, o of\u00edcio com a Den\u00fancia n\u00ba 01/21, encaminhado pela Ouvidoria Parlamentar foi baixado para o Conselho de \u00c9tica e Decoro Parlamentar que se reunir\u00e1 nesta quarta-feira (08/09) \u00e0s 17 horas.</span></h3>\r\n<hr />\r\n<p>\u00a0<span>*** RESUMO DAS PROPOSI\u00c7\u00d5ES LIDAS NO EXPEDIENTE***</span></p>\r\n<h3><a class=\"external-link\" href=\"https://sapl.trespassos.rs.leg.br/materia/1695\" target=\"_self\" title=\"\">\u2705Mensagem retificativa ao Projeto de Lei Ordin\u00e1ria n\u00ba 61 de 2021 -\u00a0 Autoriza o Poder Executivo a promover o Programa de est\u00edmulo \u00e0 emiss\u00e3o de notas fiscais e a firmar contrato e parceria com a CACIS</a></h3>\r\n<p>A MENSAGEM RETIFICATIVA ACOMPANHA O PROJETO PRINCIPAL, NO QUAL OS RELATORES J\u00c1 FORAM DESIGNADOS ANTERIORMENTE:\u00a0</p>\r\n<p>CCR: Vereador Jair Locatelli</p>\r\n<p>COF: Vereador Luis da Silva</p>\r\n<p><span><a class=\"external-link\" href=\"https://sapl.trespassos.rs.leg.br/materia/1725\" target=\"_self\" title=\"\">\u2705Projeto de Lei Ordin\u00e1ria n\u00ba 62 de 2021- Autoriza o Poder Executivo proceder na contrata\u00e7\u00e3o emergencial de Agente de Pesquisa e Coleta de dados para trabalhar junto ao Cadastro \u00fanico para programas sociais. Autor: Arlei Luis Tomazoni \u2013 Prefeito</a></span></p>\r\n<p>DESIGNA\u00c7\u00c3O DOS RELATORES NAS COMISS\u00d5ES PERMANENTES:</p>\r\n<p>CCR: Vereadora Daiana Bald</p>\r\n<p>COF: Vereador Flavio Habitzreiter</p>\r\n<p><span><a class=\"external-link\" href=\"https://sapl.trespassos.rs.leg.br/materia/1726\" target=\"_self\" title=\"\">\u2705Projeto de Lei Ordin\u00e1ria n\u00ba 64 de 2021- Altera a Lei Municipal n\u00ba 5392, de 6 de novembro de 2018, que disp\u00f5e sobre a gest\u00e3o democr\u00e1tica do ensino p\u00fablico municipal. Autor: Arlei Luis Tomazoni \u2013 Prefeito.</a></span></p>\r\n<p>DESIGNA\u00c7\u00c3O DOS RELATORES NAS COMISS\u00d5ES PERMANENTES:</p>\r\n<p>CCR: Vereador Jair Locatelli</p>\r\n<p>COF: Vereador Jo\u00e3o Boll</p>\r\n<p><span><a class=\"external-link\" href=\"https://sapl.trespassos.rs.leg.br/materia/1721\" target=\"_self\" title=\"\">\u2705Projeto de Lei Ordin\u00e1ria n\u00ba 65 de 2021- Autoriza o Poder Executivo a realizar a baixa de cr\u00e9ditos n\u00e3o tribut\u00e1rios prescritos. Autor: Arlei Luis Tomazoni \u2013 Prefeito.</a></span></p>\r\n<p>DESIGNA\u00c7\u00c3O DO RELATOR NA COMISS\u00c3O PERMANENTE:</p>\r\n<p>COF: Vereador Jo\u00e3o Boll</p>\r\n<p><span><a class=\"external-link\" href=\"https://sapl.trespassos.rs.leg.br/materia/1718\" target=\"_self\" title=\"\">\u2705Projeto de Lei Ordin\u00e1ria n\u00ba 66 de 2021- Altera a Lei Municipal n\u00ba 3.544, de 08 de novembro de 2000. Autor: Arlei Luis Tomazoni \u2013 Prefeito.</a></span></p>\r\n<p>DESIGNA\u00c7\u00c3O DOS RELATORES NAS COMISS\u00d5ES PERMANENTES:</p>\r\n<p>CCR: Vereador Gilmar Maier</p>\r\n<p>COF: Vereador Edivan Baron</p>\r\n<p><span><a class=\"external-link\" href=\"https://sapl.trespassos.rs.leg.br/materia/1719\" target=\"_self\" title=\"\">\u2705Projeto de Lei Ordin\u00e1ria n\u00ba 67 de 2021- Disp\u00f5e sobre as diretrizes or\u00e7ament\u00e1rias para o exerc\u00edcio financeiro de 2021. Autor: Arlei Luis Tomazoni \u2013 Prefeito.</a></span></p>\r\n<p>DESIGNA\u00c7\u00c3O DO RELATOR NA COMISS\u00c3O PERMANENTE:</p>\r\n<p>COF: Vereador Flavio Habiztereiter\u00a0</p>\r\n<p><span><a class=\"external-link\" href=\"https://sapl.trespassos.rs.leg.br/materia/1722\" target=\"_self\" title=\"\">\u2705Projeto de Lei Ordin\u00e1ria n\u00ba 68 de 2021- Inclui a\u00e7\u00e3o no PPA e LDO e abre cr\u00e9dito especial na LOA 2021. Autor: Arlei Luis Tomazoni \u2013 Prefeito.</a></span></p>\r\n<p>DESIGNA\u00c7\u00c3O DO RELATOR NA COMISS\u00c3O PERMANENTE:</p>\r\n<p>COF: Vereador Jo\u00e3o Boll</p>\r\n<p><span><a class=\"external-link\" href=\"https://sapl.trespassos.rs.leg.br/materia/1723\" target=\"_self\" title=\"\">\u2705Projeto de Lei Ordin\u00e1ria n\u00ba 69 de 2021- Altera artigos da Lei Complementar n\u00ba 18/2011. Autor: Arlei Luis Tomazoni \u2013 Prefeito.</a></span></p>\r\n<p>DESIGNA\u00c7\u00c3O DOS RELATORES NAS COMISS\u00d5ES PERMANENTES:</p>\r\n<p>CCR: Vereadora Daiana Bald</p>\r\n<p>COF: Vereador Edivan Baron</p>\r\n<p><span><a class=\"external-link\" href=\"https://sapl.trespassos.rs.leg.br/materia/1724\" target=\"_self\" title=\"\">\u2705Projeto de Lei Ordin\u00e1ria n\u00ba 70 de 2021- Reestrutura o regime pr\u00f3prio de previd\u00eancia social do Munic\u00edpio de Tr\u00eas Passos\u2013RS. Autor: Arlei Luis Tomazoni \u2013 Prefeito.</a></span></p>\r\n<p><strong>*PROJETO RETIRADO DA PAUTA, CONFORME SOLICITA\u00c7\u00c3O DO PODER EXECUTIVO</strong></p>\r\n<p><span><a class=\"external-link\" href=\"https://sapl.trespassos.rs.leg.br/materia/1604\" target=\"_self\" title=\"\">\u2705Projeto de Lei Legislativa n\u00ba 5 de 2021- Institui o Programa Municipal \u201cAdote uma placa de rua ou pr\u00e9dio p\u00fablico\u201d. Autor: Jair Locatelli.</a></span></p>\r\n<p>DESIGNA\u00c7\u00c3O DOS RELATORES NAS COMISS\u00d5ES PERMANENTES:</p>\r\n<p>CCR: Vereador Jair Locatelli</p>\r\n<p>COF: Vereador Jo\u00e3o Boll</p>\r\n<p><span><a class=\"external-link\" href=\"https://sapl.trespassos.rs.leg.br/materia/1664\" target=\"_self\" title=\"\">\u2705Projeto de Lei Legislativa n\u00ba 12 de 2021- Denomina a Biblioteca Municipal. Autor: Edivan Baron.</a></span></p>\r\n<p>DESIGNA\u00c7\u00c3O DO RELATOR NA COMISS\u00c3O PERMANENTE:</p>\r\n<p>COF: Vereador Edivan Baron</p>\r\n<hr />\r\n<p><span>*** RESUMO DA INDICA\u00c7\u00c3O, PEDIDOS DE INFORMA\u00c7\u00d5ES E REQUERIMENTO APRESENTADOS PELOS PARLAMENTARES***</span></p>\r\n<p><a class=\"external-link\" href=\"https://sapl.trespassos.rs.leg.br/materia/1727\" target=\"_self\" title=\"\">\u25b6 Indica\u00e7\u00e3o n\u00ba 83 de 2021, Sugere a abertura da Av. Perimetral no trecho entre o Supermercado Colono at\u00e9 a empresa Docepassos.</a></p>\r\n<p><a class=\"external-link\" href=\"https://sapl.trespassos.rs.leg.br/materia/1727\" target=\"_self\" title=\"\">Autor: Jo\u00e3o Boll, com o apoio dos vereadores Daiana Bald, Ingomar Sandtner, Jair Locatelli, Osvaldir Urnau.</a></p>\r\n<p><span><a class=\"external-link\" href=\"https://sapl.trespassos.rs.leg.br/materia/1716\" target=\"_self\" title=\"\">\u25b6Pedido de Informa\u00e7\u00e3o n\u00ba 41 de 2021, Solicita seja informado pelo Poder Executivo: a) Quais m\u00e1quinas est\u00e3o lotadas na Secretaria de Agricultura? b) Qual estado de funcionamento de cada m\u00e1quina? Se existe alguma que est\u00e1 impossibilitada de uso? Em caso positivo, indicar qual. c) Apresentar rela\u00e7\u00e3o do servi\u00e7o prestado por cada m\u00e1quina, de 01/01/2021 a 31/08/2021.</a></span></p>\r\n<p><a class=\"external-link\" href=\"https://sapl.trespassos.rs.leg.br/materia/1716\" target=\"_self\" title=\"\">Autor: Luis da Silva, com o apoio dos vereadores Edivan Baron, Flavio Habitzreiter, Gilmar Maier, Paulo Sattler</a>.</p>\r\n<p><span><a class=\"external-link\" href=\"https://sapl.trespassos.rs.leg.br/materia/1728\" target=\"_self\" title=\"\">\u25b6Pedido de Informa\u00e7\u00e3o n\u00ba 42 de 2021, Solicita quantas moradias est\u00e3o constru\u00eddas/localizadas em terrenos de propriedade do Munic\u00edpio, sem documento h\u00e1bil autorizando e se h\u00e1 inten\u00e7\u00e3o da Prefeitura em promover a regulariza\u00e7\u00e3o?</a></span></p>\r\n<p><a class=\"external-link\" href=\"https://sapl.trespassos.rs.leg.br/materia/1728\" target=\"_self\" title=\"\">Autor: Flavio Habitzreiter, com o apoio dos vereadores Edivan Baron, Gilmar Maier, Luis da Silva, M\u00e1rcia De Oliveira, Paulo Sattler.</a></p>\r\n<p><span><a class=\"external-link\" href=\"https://sapl.trespassos.rs.leg.br/materia/1717\" target=\"_self\" title=\"\">\u25b6Requerimento n\u00ba 31 de 2021, Requer licen\u00e7a para tratar de assunto pessoal de 1\u00ba a 30 de setembro de 2021.</a></span></p>\r\n<p><a class=\"external-link\" href=\"https://sapl.trespassos.rs.leg.br/materia/1717\" target=\"_self\" title=\"\">Autor: Diego Maciel.</a></p>\r\n<hr />\r\n<h3><span>*** GRANDE EXPEDIENTE E EXPLICA\u00c7\u00d5ES PESSOAIS***</span></h3>\r\n<h3><span><br /></span></h3>\r\n<p>O espa\u00e7o do Grande Expediente foi ocupado pelos vereadores:Jo\u00e3o Roque Boll, Marcia de Oliveira, Edivan Baron, Ingomar Sadtner, Flavio Habitzreiter, Jair Locatelli, Luis da Silva, Gilmar Maier, Paulinho Sattler, Osvaldir Urnau, Daiana Bald.\u00a0</p>\r\n<p>O espa\u00e7o das Explica\u00e7\u00f5es Pessoais foi suprimido conforme acordado entre os parlamentares.\u00a0</p>\r\n<p>\u00a0</p>\r\n<p>*Esta mat\u00e9ria \u00e9 uma publica\u00e7\u00e3o informativa. As informa\u00e7\u00f5es aqui contidas s\u00e3o resumidas para uma melhor adequa\u00e7\u00e3o do conte\u00fado ao site. Todas as mat\u00e9rias legislativas constantes da mesma poder\u00e3o ser\u00a0 consultadas\u00a0 em\u00a0 sua\u00a0 integralidade no endere\u00e7o:\u00a0 https://trespassos.rs.leg.br/processo-legislativo/sessoes-plenarias ou poder\u00e1 ser acessado o v\u00eddeo da sess\u00e3o atrav\u00e9s da p\u00e1gina do Facebook\u00a0 (https://www.facebook.com/CamaradeVereadoresdeTresPassos).</p>\r\n<div></div>", "author_name": "", "version": "1.0", "author_url": "https://www.trespassos.rs.leg.br/author/Camara", "provider_name": "C\u00e2mara Municipal de Tr\u00eas Passos - RS", "type": "rich"}