{"provider_url": "https://www.trespassos.rs.leg.br", "title": "REALIZADA A 39\u00aa SESS\u00c3O ORDIN\u00c1RIA", "html": "<p>Foi realizada na noite desta segunda-feira, 08 de Novembro, a 39\u00aa Sess\u00e3o Ordin\u00e1ria da C\u00e2mara Municipal de Tr\u00eas Passos, no plen\u00e1rio do Legislativo, com transmiss\u00e3o ao vivo por meio da p\u00e1gina do Facebook da C\u00e2mara de Vereadores, simultaneamente pelo Canal do YouTube e posteriormente sendo transmitida pela R\u00e1dio Difusora.</p>\r\n<p><span><br /></span></p>\r\n<h3><span>*** NA ORDEM DO DIA FORAM VOTADAS A SEGUINTE PROPOSI\u00c7\u00c3O***</span></h3>\r\n<p><span><a class=\"external-link\" href=\"https://sapl.trespassos.rs.leg.br/materia/1758\" target=\"_self\" title=\"\">\u2705 Projeto de Lei Complementar n\u00ba 7 de 2021 - Regulamenta o art. 74, par\u00e1grafo \u00fanico, da Lei Org\u00e2nica do Munic\u00edpio, que trata da proposi\u00e7\u00e3o de leis por iniciativa popular.</a></span></p>\r\n<p><span><a class=\"external-link\" href=\"https://sapl.trespassos.rs.leg.br/materia/1758\" target=\"_self\" title=\"\">Com esta regulamenta\u00e7\u00e3o, a popula\u00e7\u00e3o apoder\u00e1 apresentar projetos de lei diretamente na C\u00e2mara de Vereadores, com as seguintes condi\u00e7\u00f5es:</a></span></p>\r\n<p><span><a class=\"external-link\" href=\"https://sapl.trespassos.rs.leg.br/materia/1758\" target=\"_self\" title=\"\">a) Recolher a assinatura de 5% dos eleitores do munic\u00edpio;</a></span></p>\r\n<p><span><a class=\"external-link\" href=\"https://sapl.trespassos.rs.leg.br/materia/1758\" target=\"_self\" title=\"\">b) Dispor sobre mat\u00e9rias que n\u00e3o sejam de compet\u00eancia privativa do prefeito;</a></span></p>\r\n<p><span><a class=\"external-link\" href=\"https://sapl.trespassos.rs.leg.br/materia/1758\" target=\"_self\" title=\"\">c) Fazer a reda\u00e7\u00e3o da justificativa do projeto de lei, explicando os motivos que fundamentam a cria\u00e7\u00e3o dessa lei e porque ela deve ser aprovada.</a></span></p>\r\n<p><span>* APROVADO POR UNANIMIDADE\u00a0</span></p>\r\n<hr />\r\n<p><a class=\"external-link\" href=\"https://sapl.trespassos.rs.leg.br/materia/1794\" target=\"_self\" title=\"\">\u2705Emenda n\u00ba 8 de 2021, Emenda Supressiva e Aditiva ao Projeto de Lei Complementar n\u00ba 7, de 2021, retirando o inciso II do art. 1\u00ba, incorporando a reda\u00e7\u00e3o do inciso I ao caput, e incluindo o \u00a7 3\u00ba ao mesmo artigo.</a></p>\r\n<p><span><a class=\"external-link\" href=\"https://sapl.trespassos.rs.leg.br/materia/1794\" target=\"_self\" title=\"\">A altera\u00e7\u00e3o \u00e9 no sentido de retirar a possibilidade de iniciativa popular de emenda \u00e0 Lei Org\u00e2nica, mas sim apenas projetos de lei ordin\u00e1ria.</a></span></p>\r\n<p><span><a class=\"external-link\" href=\"https://sapl.trespassos.rs.leg.br/materia/1794\" target=\"_self\" title=\"\">Autor: Vereadores Paulo G. Sattler, Edivan N. Baron e Diego H. Maciel - Mesa Diretora.</a></span></p>\r\n<p><span>* APROVADA POR UNANIMIDADE\u00a0</span></p>\r\n<hr />\r\n<p><a class=\"external-link\" href=\"https://sapl.trespassos.rs.leg.br/materia/1740\" target=\"_self\" title=\"\">\u2705Projeto de Lei Legislativa n\u00ba 14 de 2021- Fica determinada a publica\u00e7\u00e3o eletr\u00f4nica da lista de espera para os servi\u00e7os de horas-m\u00e1quina aos produtores rurais no \u00e2mbito do Munic\u00edpio de Tr\u00eas Passos/RS.</a><span></span></p>\r\n<p><span><a class=\"external-link\" href=\"https://sapl.trespassos.rs.leg.br/materia/1740\" target=\"_self\" title=\"\">O projeto prev\u00ea que a lista dever\u00e1 ser divulgada no Site da Prefeitura do Munic\u00edpio de Tr\u00eas Passos, com acesso facilitado, em banner destacado na p\u00e1gina inicial, com atualiza\u00e7\u00e3o mensal.\u00a0</a></span></p>\r\n<p><span>\ud83d\udde3 Os vereadores que utilizaram o espa\u00e7o na discuss\u00e3o da mat\u00e9ria foram: Diego Maciel,\u00a0 Edivan Baron e Paulinho Sattler.</span></p>\r\n<p><span>* APROVADO POR UNANIMIDADE\u00a0</span></p>\r\n<hr />\r\n<p><a class=\"external-link\" href=\"https://sapl.trespassos.rs.leg.br/materia/1798\" target=\"_self\" title=\"\">\u2705Projeto de Resolu\u00e7\u00e3o n\u00ba 1 de 2021, Cria a comiss\u00e3o especial para realizar invent\u00e1rio dos bens da C\u00e2mara Municipal de Tr\u00eas Passos.</a><span></span></p>\r\n<p><span><a class=\"external-link\" href=\"https://sapl.trespassos.rs.leg.br/materia/1798\" target=\"_self\" title=\"\">O invent\u00e1rio dos bens da C\u00e2mara, tanto m\u00f3veis como im\u00f3veis, deve ser feita ao final de cada ano, cuja ata deve ser assinada por esta Comiss\u00e3o, e encaminhada ao TCERS.</a></span></p>\r\n<p><span><a class=\"external-link\" href=\"https://sapl.trespassos.rs.leg.br/materia/1798\" target=\"_self\" title=\"\">Autor: Vereadores Paulo G. Sattler, Edivan N. Baron e Diego H. Maciel - Mesa Diretora.</a></span></p>\r\n<p><span>\ud83d\udde3 O vereador que utilizou o espa\u00e7o na discuss\u00e3o da mat\u00e9ria foi: Paulinho Sattler.</span></p>\r\n<p><span>* APROVADO POR UNANIMIDADE\u00a0</span></p>\r\n<p>\u00a0</p>\r\n<h3><span>NA ORDEM DO DIA SER\u00c3O FORAM DISCUTIDAS PREVIAMENTE AS SEGUINTES PROPOSI\u00c7\u00d5ES:</span></h3>\r\n<p><span><a class=\"external-link\" href=\"https://sapl.trespassos.rs.leg.br/materia/1796\" target=\"_self\" title=\"\">\u2705Projeto de Lei Ordin\u00e1ria n\u00ba 80 de 2021, Institui o Regime de Previd\u00eancia Complementar no \u00e2mbito do Munic\u00edpio de Tr\u00eas Passos/RS, \ufb01xa o limite m\u00e1ximo para a concess\u00e3o de aposentadorias e pens\u00f5es pelo regime de previd\u00eancia de que trata o art. 40 da Constitui\u00e7\u00e3o Federal; autoriza a ades\u00e3o a plano de benef\u00edcios de previd\u00eancia complementar; e d\u00e1 outras provid\u00eancias.\u00a0</a></span></p>\r\n<p><span><a class=\"external-link\" href=\"https://sapl.trespassos.rs.leg.br/materia/1796\" target=\"_self\" title=\"\">Autor: Arlei Luis Tomazoni \u2013 Prefeito Municipal.</a></span></p>\r\n<p><span><a class=\"external-link\" href=\"https://sapl.trespassos.rs.leg.br/materia/1796\" target=\"_self\" title=\"\">O teto estabelecido pelo Munic\u00edpio de Tr\u00eas Passos \u00e9 o do INSS, ou seja, no valor de R$ 6.433,57.</a></span></p>\r\n<p><span><a class=\"external-link\" href=\"https://sapl.trespassos.rs.leg.br/materia/1796\" target=\"_self\" title=\"\">A ades\u00e3o ao Regime de Previd\u00eancia Complementar \u00e9 facultativa para os servidores que desejam obter um benef\u00edcio futuro adicional.</a></span></p>\r\n<p><span><a class=\"external-link\" href=\"https://sapl.trespassos.rs.leg.br/materia/1796\" target=\"_self\" title=\"\">A proposta de percentual m\u00e1ximo \u00e9 de 5%, de forma parit\u00e1ria.</a></span></p>\r\n<p><span><a class=\"external-link\" href=\"https://sapl.trespassos.rs.leg.br/materia/1796\" target=\"_self\" title=\"\">A implementa\u00e7\u00e3o do RPC foi introduzida pela Emenda Constitucional n\u00ba 103, de 2019.</a></span></p>\r\n<p><span>\ud83d\udde3 Os vereadores que utilizaram o espa\u00e7o na discuss\u00e3o pr\u00e9via do projeto foram: Jair Locatelli, Edivan Baron, Diego Maciel e Paulinho Sattler.</span></p>\r\n<hr />\r\n<p><a class=\"external-link\" href=\"https://sapl.trespassos.rs.leg.br/materia/1795\" target=\"_self\" title=\"\">\u2705Projeto de Lei Ordin\u00e1ria n\u00ba 81 de 2021, Autoriza o Munic\u00edpio de Tr\u00eas Passos a receber em Da\u00e7\u00e3o im\u00f3veis do Estado do Rio Grande do Sul em pagamento de d\u00e9bitos, por meio do Projeto Negocia RS, que tem por objetivo a quita\u00e7\u00e3o total ou parcial de d\u00e9bitos da \u00e1rea da sa\u00fade do Estado com as Prefeituras Municipais.</a><span></span></p>\r\n<p><span><a class=\"external-link\" href=\"https://sapl.trespassos.rs.leg.br/materia/1795\" target=\"_self\" title=\"\">S\u00e3o cinco im\u00f3veis no total, situados na Rua Guarani, David Canabarro, Duque de Caixas, Nabuco de Ara\u00fajo e na localidade de Cachimbo Perdido. Autor: Arlei Luis Tomazoni \u2013 Prefeito Municipal.\u00a0</a></span></p>\r\n<p><span>\ud83d\udde3 Os vereadores que utilizaram o espa\u00e7o na discuss\u00e3o pr\u00e9via do projeto foram: Diego Maciel,\u00a0 Edivan Baron, Jair Locatelli, Daiana Bald e Paulinho Sattler.</span></p>\r\n<hr />\r\n<p><a class=\"external-link\" href=\"https://sapl.trespassos.rs.leg.br/materia/1786\" target=\"_self\" title=\"\">\u2705Projeto de Lei Legislativa n\u00ba 17 de 2021 - Denomina como Escola Municipal de Educa\u00e7\u00e3o Infantil Professora Marlene Leonhardt, o educand\u00e1rio que ser\u00e1 edificado no Bairro Santa In\u00eas, na Avenida Perimetral, n\u00b0 1480, Tr\u00eas Passos/RS. Autor: Diego Maciel.</a><span></span></p>\r\n<p><span>\ud83d\udde3 Os vereadores que utilizaram o espa\u00e7o na discuss\u00e3o pr\u00e9via do projeto foram: Diego Maciel,\u00a0 Paulinho Sattler e Edivan Baron.</span></p>\r\n<p>\u00a0</p>\r\n<h3><span>*** RESUMO DAS PROPOSI\u00c7\u00d5ES LIDAS NO EXPEDIENTE***</span></h3>\r\n<p><span><a class=\"external-link\" href=\"https://sapl.trespassos.rs.leg.br/materia/1830\" target=\"_self\" title=\"\">\u2705Projeto de Lei Ordin\u00e1ria n\u00ba 78 de 2021, Autoriza o Poder Executivo municipal a subsidiar os suinocultores com materiais para constru\u00e7\u00e3o, amplia\u00e7\u00e3o, reforma e adequa\u00e7\u00e3o de chiqueir\u00f5es e revoga a Lei Municipal n\u00ba 4296, de 17 de novembro de 2009.</a></span></p>\r\n<p><span><a class=\"external-link\" href=\"https://sapl.trespassos.rs.leg.br/materia/1830\" target=\"_self\" title=\"\">Ser\u00e3o alterados os valores do subs\u00eddio em moeda corrente nacional, utilizando-se a corre\u00e7\u00e3o da URM no per\u00edodo do ano de 2009/2021.</a></span></p>\r\n<p><span><a class=\"external-link\" href=\"https://sapl.trespassos.rs.leg.br/materia/1830\" target=\"_self\" title=\"\">Tamb\u00e9m haver\u00e1 aumento no n\u00famero de horas m\u00e1quinas subsidiadas, por avalia\u00e7\u00e3o t\u00e9cnica dos profissionais envolvidos na atividade, que perceberam a insufici\u00eancia das horas destinadas, bem como pela significativa altera\u00e7\u00e3o nos modelos de constru\u00e7\u00f5es, que demandam maior \u00e1rea para as constru\u00e7\u00f5es, esterqueiras e demais servi\u00e7os para a conclus\u00e3o dos projetos.</a>\u00a0</span><a class=\"external-link\" href=\"https://sapl.trespassos.rs.leg.br/materia/1830\" target=\"_self\" title=\"\">\u00a0Autor: Arlei Luis Tomazoni \u2013 Prefeito</a></p>\r\n<p><span><a class=\"external-link\" href=\"https://sapl.trespassos.rs.leg.br/materia/1830\" target=\"_self\" title=\"\">DESIGNA\u00c7\u00c3O DOS RELATORES NAS COMISS\u00d5ES PERMANENTES:</a></span></p>\r\n<p><span><a class=\"external-link\" href=\"https://sapl.trespassos.rs.leg.br/materia/1830\" target=\"_self\" title=\"\">CCR: Vereador Jair Locatelli</a></span></p>\r\n<p><span><a class=\"external-link\" href=\"https://sapl.trespassos.rs.leg.br/materia/1830\" target=\"_self\" title=\"\">COF: Vereador Jo\u00e3o Boll</a></span></p>\r\n<hr />\r\n<p><a class=\"external-link\" href=\"https://sapl.trespassos.rs.leg.br/materia/1831\" target=\"_self\" title=\"\">\u2705Projeto de Lei Ordin\u00e1ria n\u00ba 82 de 2021, Institui o Programa Municipal de desenvolvimento da cadeia produtiva da piscicultura do Munic\u00edpio de Tr\u00eas Passos \u2013 Pr\u00f3-peixe.\u00a0</a></p>\r\n<p><span><a class=\"external-link\" href=\"https://sapl.trespassos.rs.leg.br/materia/1831\" target=\"_self\" title=\"\">Este projeto objetiva estimular o cultivo de peixes para fins comerciais em nosso Munic\u00edpio, bem como despertar a consci\u00eancia dos piscicultores para a emiss\u00e3o de notas fiscal de produtor.\u00a0</a></span></p>\r\n<p><span><a class=\"external-link\" href=\"https://sapl.trespassos.rs.leg.br/materia/1831\" target=\"_self\" title=\"\">Autor: Arlei Luis Tomazoni \u2013 Prefeito</a></span></p>\r\n<p><span><a class=\"external-link\" href=\"https://sapl.trespassos.rs.leg.br/materia/1831\" target=\"_self\" title=\"\">DESIGNA\u00c7\u00c3O DOS RELATORES NAS COMISS\u00d5ES PERMANENTES:</a></span></p>\r\n<p><span><a class=\"external-link\" href=\"https://sapl.trespassos.rs.leg.br/materia/1831\" target=\"_self\" title=\"\">CCR: Vereador Jair Locatelli</a></span></p>\r\n<p><span><a class=\"external-link\" href=\"https://sapl.trespassos.rs.leg.br/materia/1831\" target=\"_self\" title=\"\">COF: Vereador Jo\u00e3o Boll</a></span></p>\r\n<hr />\r\n<p><a class=\"external-link\" href=\"https://sapl.trespassos.rs.leg.br/materia/1832\" target=\"_self\" title=\"\">\u2705Projeto de Lei Ordin\u00e1ria n\u00ba 83 de 2021, Altera a Lei Municipal n\u00ba 5002, de 21 de outubro de 2014.\u00a0</a></p>\r\n<p><span><a class=\"external-link\" href=\"https://sapl.trespassos.rs.leg.br/materia/1832\" target=\"_self\" title=\"\">Este projeto estabelece o novo percentual da taxa de administra\u00e7\u00e3o do Instituto de Previd\u00eancia do Servidor P\u00fablico de Tr\u00eas Passos em 2,5% do total da remunera\u00e7\u00e3o de contribui\u00e7\u00e3o de todos os servidores ativos vinculados ao RPPS.</a></span></p>\r\n<p><span><a class=\"external-link\" href=\"https://sapl.trespassos.rs.leg.br/materia/1832\" target=\"_self\" title=\"\">O valor da taxa de administra\u00e7\u00e3o \u00e9 utilizado para cobrir as despesas com a administra\u00e7\u00e3o e a gest\u00e3o do Instituto de Previd\u00eancia.</a></span></p>\r\n<p><span><a class=\"external-link\" href=\"https://sapl.trespassos.rs.leg.br/materia/1832\" target=\"_self\" title=\"\">Autor: Arlei Luis Tomazoni \u2013 Prefeito</a></span></p>\r\n<p><span><a class=\"external-link\" href=\"https://sapl.trespassos.rs.leg.br/materia/1832\" target=\"_self\" title=\"\">DESIGNA\u00c7\u00c3O DOS RELATORES NAS COMISS\u00d5ES PERMANENTES:</a></span></p>\r\n<p><span><a class=\"external-link\" href=\"https://sapl.trespassos.rs.leg.br/materia/1832\" target=\"_self\" title=\"\">CCR: Vereadora Daiana Bald</a></span></p>\r\n<p><span><a class=\"external-link\" href=\"https://sapl.trespassos.rs.leg.br/materia/1832\" target=\"_self\" title=\"\">COF: Vereador Ingomar Sandtner</a></span></p>\r\n<hr />\r\n<p><a class=\"external-link\" href=\"https://sapl.trespassos.rs.leg.br/materia/1833\" target=\"_self\" title=\"\">\u2705Projeto de Lei Ordin\u00e1ria n\u00ba 86 de 2021, Consolida a legisla\u00e7\u00e3o sobre cria\u00e7\u00e3o, com\u00e9rcio, exibi\u00e7\u00e3o, circula\u00e7\u00e3o e pol\u00edticas de prote\u00e7\u00e3o de c\u00e3es e gatos no Munic\u00edpio de Tr\u00eas Passos, com vistas a regulamentar a Lei Federal n\u00ba 13.426, de 20217, que disp\u00f5e sobre a pol\u00edtica de controle da natalidade de c\u00e3es e gatos e d\u00e1 outras provid\u00eancias.</a></p>\r\n<p><span><a class=\"external-link\" href=\"https://sapl.trespassos.rs.leg.br/materia/1833\" target=\"_self\" title=\"\">Autor: Arlei Luis Tomazoni \u2013 Prefeito</a></span></p>\r\n<p><span><a class=\"external-link\" href=\"https://sapl.trespassos.rs.leg.br/materia/1833\" target=\"_self\" title=\"\">DESIGNA\u00c7\u00c3O DOS RELATORES NAS COMISS\u00d5ES PERMANENTES:</a></span></p>\r\n<p><span><a class=\"external-link\" href=\"https://sapl.trespassos.rs.leg.br/materia/1833\" target=\"_self\" title=\"\">CCR: Vereador Diego Maciel</a></span></p>\r\n<p><span><a class=\"external-link\" href=\"https://sapl.trespassos.rs.leg.br/materia/1833\" target=\"_self\" title=\"\">COF: Vereador Ingomar Sandtner</a></span></p>\r\n<hr />\r\n<p><a class=\"external-link\" href=\"https://sapl.trespassos.rs.leg.br/materia/1834\" target=\"_self\" title=\"\">\u2705Projeto de Lei Ordin\u00e1ria n\u00ba 88 de 2021, Autoriza abertura de cr\u00e9dito adicional suplementar, no Lei 5587/2020, LOA para o exerc\u00edcio 2021, no valor de R$ 383.364,00, para contabiliza\u00e7\u00e3o do pagamento de exames especializados pelo CISA, na \u00e1rea da sa\u00fade.</a></p>\r\n<p><span><a class=\"external-link\" href=\"https://sapl.trespassos.rs.leg.br/materia/1834\" target=\"_self\" title=\"\">Autor: Arlei Luis Tomazoni \u2013 Prefeito</a></span></p>\r\n<p><span><a class=\"external-link\" href=\"https://sapl.trespassos.rs.leg.br/materia/1834\" target=\"_self\" title=\"\">DESIGNA\u00c7\u00c3O DO RELATOR NA COMISS\u00c3O DE OR\u00c7AMENTO, FINAN\u00c7AS E INFRAESTRUTURA URBANA E RURAL</a></span></p>\r\n<p><span><a class=\"external-link\" href=\"https://sapl.trespassos.rs.leg.br/materia/1834\" target=\"_self\" title=\"\">COF: Vereador Ingomar Sandtner</a></span></p>\r\n<hr />\r\n<p><a class=\"external-link\" href=\"https://sapl.trespassos.rs.leg.br/materia/1835\" target=\"_self\" title=\"\">\u2705Projeto de Lei Ordin\u00e1ria n\u00ba 89 de 2021, Autoriza abertura de cr\u00e9dito adicional suplementar, no Lei 5587/2020, LOA para o exerc\u00edcio 2021, no valor de R$ 56.000,00, para contabiliza\u00e7\u00e3o da compra de camisetas para \u201cSa\u00fade do Homem \u2013 novembro azul\u201d.</a></p>\r\n<p><span><a class=\"external-link\" href=\"https://sapl.trespassos.rs.leg.br/materia/1835\" target=\"_self\" title=\"\">Autor: Arlei Luis Tomazoni \u2013 Prefeito</a></span></p>\r\n<p><span><a class=\"external-link\" href=\"https://sapl.trespassos.rs.leg.br/materia/1835\" target=\"_self\" title=\"\">DESIGNA\u00c7\u00c3O DO RELATOR NA COMISS\u00c3O DE OR\u00c7AMENTO, FINAN\u00c7AS E INFRAESTRUTURA URBANA E RURAL</a></span></p>\r\n<p><span><a class=\"external-link\" href=\"https://sapl.trespassos.rs.leg.br/materia/1835\" target=\"_self\" title=\"\">COF: Vereador Jo\u00e3o Boll</a></span></p>\r\n<hr />\r\n<p><a class=\"external-link\" href=\"https://sapl.trespassos.rs.leg.br/materia/1836\" target=\"_self\" title=\"\">\u2705Projeto de Lei Ordin\u00e1ria n\u00ba 90 de 2021, Autoriza abertura de cr\u00e9dito adicional suplementar, no Lei 5587/2020, LOA para o exerc\u00edcio 2021, no valor de R$ 276.626,49, para contabiliza\u00e7\u00e3o de sequestros judicias debitados na conta corrente do Munic\u00edpio no Banrisul.</a></p>\r\n<p><span><a class=\"external-link\" href=\"https://sapl.trespassos.rs.leg.br/materia/1836\" target=\"_self\" title=\"\">Autor: Arlei Luis Tomazoni \u2013 Prefeito</a></span></p>\r\n<p><span><a class=\"external-link\" href=\"https://sapl.trespassos.rs.leg.br/materia/1836\" target=\"_self\" title=\"\">DESIGNA\u00c7\u00c3O DO RELATOR NA COMISS\u00c3O DE OR\u00c7AMENTO, FINAN\u00c7AS E INFRAESTRUTURA URBANA E RURAL</a></span></p>\r\n<p><span><a class=\"external-link\" href=\"https://sapl.trespassos.rs.leg.br/materia/1836\" target=\"_self\" title=\"\">COF: Vereador Jo\u00e3o Boll</a></span></p>\r\n<hr />\r\n<p><a class=\"external-link\" href=\"https://sapl.trespassos.rs.leg.br/materia/1843\" target=\"_self\" title=\"\">\u2705Projeto de Resolu\u00e7\u00e3o n\u00ba 2 de 2021, Altera a Se\u00e7\u00e3o II do Cap\u00edtulo I do T\u00edtulo VII do Regimento Interno (Resolu\u00e7\u00e3o n\u00ba 6, de 2003), que trata das emendas aos projetos de leis de or\u00e7amento.\u00a0</a></p>\r\n<p><span><a class=\"external-link\" href=\"https://sapl.trespassos.rs.leg.br/materia/1843\" target=\"_self\" title=\"\">Este projeto objetiva regulamentar a apresenta\u00e7\u00e3o das emendas de bancada do or\u00e7amento impositivo.</a></span></p>\r\n<p><span><a class=\"external-link\" href=\"https://sapl.trespassos.rs.leg.br/materia/1843\" target=\"_self\" title=\"\">Autores: Vereadores Paulo G. Sattler, Edivan N. Baron e Diego H. Maciel - Mesa Diretora</a></span></p>\r\n<p><span><a class=\"external-link\" href=\"https://sapl.trespassos.rs.leg.br/materia/1843\" target=\"_self\" title=\"\">DESIGNA\u00c7\u00c3O DOS RELATORES NAS COMISS\u00d5ES PERMANENTES:</a></span></p>\r\n<p><span><a class=\"external-link\" href=\"https://sapl.trespassos.rs.leg.br/materia/1843\" target=\"_self\" title=\"\">CCR: Vereador Diego Maciel</a></span></p>\r\n<p><span><a class=\"external-link\" href=\"https://sapl.trespassos.rs.leg.br/materia/1843\" target=\"_self\" title=\"\">COF: Vereador Ingomar Sandtner</a></span></p>\r\n<hr />\r\n<p><a class=\"external-link\" href=\"https://sapl.trespassos.rs.leg.br/materia/1723\" target=\"_self\" title=\"\">\u2705Mensagem retificativa ao PL 69/2021- A altera\u00e7\u00e3o do PL n\u00ba 69, de 2021, \u00e9 no sentido de que sejam retirados da sua parte normativa os dispositivos referentes \u00e0 quest\u00e3o previdenci\u00e1ria, que ser\u00e3o objeto de novo projeto de lei, em separado, quando da reapresenta\u00e7\u00e3o da proposi\u00e7\u00e3o referente \u00e0 reestrutura\u00e7\u00e3o do RPPS, face a Emenda Constitucional n\u00ba 103, de 2019, a fim de evitar lacunas na lei em futuras pens\u00f5es e aposentadorias.</a></p>\r\n<p><span><a class=\"external-link\" href=\"https://sapl.trespassos.rs.leg.br/materia/1723\" target=\"_self\" title=\"\">A PROPOSI\u00c7\u00c3O ACOMPANHA A MAT\u00c9RIA PRINCIPAL CUJOS RELATORES J\u00c1 FORAM DESIGNADOS ANTERIORMENTE:</a></span></p>\r\n<p><span><a class=\"external-link\" href=\"https://sapl.trespassos.rs.leg.br/materia/1723\" target=\"_self\" title=\"\">CCR: Vereadora Daiana Bald</a></span></p>\r\n<p><span><a class=\"external-link\" href=\"https://sapl.trespassos.rs.leg.br/materia/1723\" target=\"_self\" title=\"\">COF: Vereador Edivan Baron</a></span></p>\r\n<hr />\r\n<p><a class=\"external-link\" href=\"https://sapl.trespassos.rs.leg.br/materia/1796\" target=\"_self\" title=\"\">\u2705Mensagem retificativa ao PL 80/2021A altera\u00e7\u00e3o do PL n\u00ba 80, de 2021, refere-se a adequa\u00e7\u00e3o proposta pelo Prefeito Municipal \u00e0 proposi\u00e7\u00e3o que trata do Regime de Previd\u00eancia Complementar \u2013 RPC, em fun\u00e7\u00e3o de orienta\u00e7\u00e3o t\u00e9cnica.</a></p>\r\n<p><span><a class=\"external-link\" href=\"https://sapl.trespassos.rs.leg.br/materia/1796\" target=\"_self\" title=\"\">A PROPOSI\u00c7\u00c3O ACOMPANHA A MAT\u00c9RIA PRINCIPAL CUJOS RELATORES J\u00c1 FORAM DESIGNADOS ANTERIORMENTE:</a></span></p>\r\n<p><span><a class=\"external-link\" href=\"https://sapl.trespassos.rs.leg.br/materia/1796\" target=\"_self\" title=\"\">CCR: Vereador Jair Locatelli</a></span></p>\r\n<p><span><a class=\"external-link\" href=\"https://sapl.trespassos.rs.leg.br/materia/1796\" target=\"_self\" title=\"\">COF: Vereador Edivan Baron</a></span></p>\r\n<hr />\r\n<p><a class=\"external-link\" href=\"https://sapl.trespassos.rs.leg.br/materia/1817\" target=\"_self\" title=\"\">\u2705Mensagem retificativa ao PL 85/2021A altera\u00e7\u00e3o do PL n\u00ba 85, de 2021, refere-se \u00e0 corre\u00e7\u00e3o da reda\u00e7\u00e3o da proposi\u00e7\u00e3o, conforme orienta\u00e7\u00e3o t\u00e9cnica.</a></p>\r\n<p><span><a class=\"external-link\" href=\"https://sapl.trespassos.rs.leg.br/materia/1817\" target=\"_self\" title=\"\">A PROPOSI\u00c7\u00c3O ACOMPANHA A MAT\u00c9RIA PRINCIPAL CUJO RELATOR J\u00c1 FOI DESIGNADO ANTERIORMENTE:</a></span></p>\r\n<p><span><a class=\"external-link\" href=\"https://sapl.trespassos.rs.leg.br/materia/1817\" target=\"_self\" title=\"\">COF: Vereador Flavio Habitzreiter</a></span></p>\r\n<p>\u00a0</p>\r\n<h3><span>*** RESUMO DAS INDICA\u00c7\u00d5ES, PEDIDOS DE INFORMA\u00c7\u00d5ES E PEDIDO DE PROVID\u00caNCIA\u00a0 APRESENTADOS PELOS PARLAMENTARES***</span></h3>\r\n<p><span><a class=\"external-link\" href=\"https://sapl.trespassos.rs.leg.br/materia/1828\" target=\"_self\" title=\"\">\u25b6\ufe0fIndica\u00e7\u00e3o n\u00ba 100 de 2021, Sugere a implanta\u00e7\u00e3o de um Programa que auxilie e estimule os mun\u00edcipes a realizar melhorias em seu p\u00e1tio, disponibilizando at\u00e9 cinco cargas de terra e mudas de \ufb02ores e \u00e1rvores, existentes no viveiro municipal, para embelezamento.</a></span></p>\r\n<p><span><a class=\"external-link\" href=\"https://sapl.trespassos.rs.leg.br/materia/1828\" target=\"_self\" title=\"\">Autor: Ingomar Sandtner, com o apoio dos vereadores Daiana Bald, Jair Locatelli, Jo\u00e3o Boll, Osvaldir Urnau.</a></span></p>\r\n<p><a class=\"external-link\" href=\"https://sapl.trespassos.rs.leg.br/materia/1837\" target=\"_self\" title=\"\">\u25b6\ufe0fIndica\u00e7\u00e3o n\u00ba 101 de 2021, Elabora\u00e7\u00e3o de Projeto de Lei autorizando o fornecimento gratuito de absorventes higi\u00eanicos para estudantes e mulheres de baixa renda.\u00a0</a></p>\r\n<p><span><a class=\"external-link\" href=\"https://sapl.trespassos.rs.leg.br/materia/1837\" target=\"_self\" title=\"\">Autora: Maria Helena Da Sa\u00fade, com o apoio dos vereadores Diego Maciel, Edivan Baron, Flavio Habitzreiter, Gilmar Maier, Paulo Sattler,\u00a0</a></span></p>\r\n<p><a class=\"external-link\" href=\"https://sapl.trespassos.rs.leg.br/materia/1838\" target=\"_self\" title=\"\">\u25b6\ufe0fIndica\u00e7\u00e3o n\u00ba 102 de 2021, Aquisi\u00e7\u00e3o de novas tabelas de basquete para o Gin\u00e1sio Municipal.\u00a0</a></p>\r\n<p><span><a class=\"external-link\" href=\"https://sapl.trespassos.rs.leg.br/materia/1838\" target=\"_self\" title=\"\">Autora: Maria Helena Da Sa\u00fade, com o apoio dos vereadores Diego Maciel, Edivan Baron, Flavio Habitzreiter, Gilmar Maier, Paulo Sattler</a></span></p>\r\n<p><a class=\"external-link\" href=\"https://sapl.trespassos.rs.leg.br/materia/1839\" target=\"_self\" title=\"\">\u25b6\ufe0fIndica\u00e7\u00e3o n\u00ba 103 de 2021, Caixas de coleta para arrecada\u00e7\u00e3o de absorventes higi\u00eanicos para distribui\u00e7\u00e3o gratuita a estudantes e mulheres de baixa renda.</a></p>\r\n<p><span><a class=\"external-link\" href=\"https://sapl.trespassos.rs.leg.br/materia/1839\" target=\"_self\" title=\"\">Autora: Maria Helena Da Sa\u00fade, com o apoio dos vereadores Diego Maciel, Edivan Baron, Flavio Habitzreiter, Gilmar Maier, Paulo Sattler</a></span></p>\r\n<p><a class=\"external-link\" href=\"https://sapl.trespassos.rs.leg.br/materia/1840\" target=\"_self\" title=\"\">\u25b6\ufe0fIndica\u00e7\u00e3o n\u00ba 104 de 2021, Altera\u00e7\u00e3o da Lei Municipal n\u00ba 4.999/2014, art. 7\u00ba, inc. II, no sentido de que a concess\u00e3o da cesta b\u00e1sica n\u00e3o seja interrompida quando o servidor tiver de se afastar de suas atividades, em raz\u00e3o de doen\u00e7a grave incapacitante, independentemente de o afastamento ter sido originado por acidente de trabalho ou ap\u00f3s alta hospitalar.\u00a0</a></p>\r\n<p><span><a class=\"external-link\" href=\"https://sapl.trespassos.rs.leg.br/materia/1840\" target=\"_self\" title=\"\">Autor: Edivan Baron, com o apoio dos vereadores Diego Maciel, Flavio Habitzreiter, Gilmar Maier, Maria Helena Da Sa\u00fade, Paulo Sattler</a></span></p>\r\n<p><a class=\"external-link\" href=\"https://sapl.trespassos.rs.leg.br/materia/1841\" target=\"_self\" title=\"\">\u25b6\ufe0fIndica\u00e7\u00e3o n\u00ba 105 de 2021, Altera\u00e7\u00e3o da Lei Municipal n\u00ba 5281/2019, art. 51, visando ampliar o valor pago a t\u00edtulo de aux\u00edlio funeral para, no m\u00ednimo, um sal\u00e1rio m\u00ednimo.</a></p>\r\n<p><span><a class=\"external-link\" href=\"https://sapl.trespassos.rs.leg.br/materia/1841\" target=\"_self\" title=\"\">Autor: Edivan Baron, com o apoio dos vereadores Diego Maciel, Flavio Habitzreiter, Gilmar Maier, Maria Helena Da Sa\u00fade, Paulo Sattler</a></span></p>\r\n<p><a class=\"external-link\" href=\"https://sapl.trespassos.rs.leg.br/materia/1829\" target=\"_self\" title=\"\">\u25b6\ufe0fPedido de Informa\u00e7\u00e3o n\u00ba 51 de 2021, Solicita informa\u00e7\u00f5es quanto ao terreno localizado na esquina da Av. Costa e Silva e Rua XV de Novembro, de propriedade do Munic\u00edpio, se foram \ufb01rmados contratos de loca\u00e7\u00e3o com as empresas que se encontram instaladas em partes da \u00e1rea do im\u00f3vel. Em caso positivo, solicita-se c\u00f3pias dos referidos contratos, onde constem o valor do aluguel, o tempo de loca\u00e7\u00e3o e demais informa\u00e7\u00f5es.\u00a0</a></p>\r\n<p><span><a class=\"external-link\" href=\"https://sapl.trespassos.rs.leg.br/materia/1829\" target=\"_self\" title=\"\">Autor: Ingomar Sandtner, com o apoio dos vereadores Daiana Bald, Jair Locatelli, Jo\u00e3o Boll, Osvaldir Urnau</a></span></p>\r\n<p><a class=\"external-link\" href=\"https://sapl.trespassos.rs.leg.br/materia/1842\" target=\"_self\" title=\"\">\u25b6\ufe0fPedido de Informa\u00e7\u00e3o n\u00ba 52 de 2021, 1. Qual valor utilizado no ano de 2021 (compreendendo recursos recebidos do Governo Federal, Estadual e Municipal) para a\u00e7\u00f5es relacionadas \u00e0 pandemia da COVID-19?\u00a0</a></p>\r\n<p><span><a class=\"external-link\" href=\"https://sapl.trespassos.rs.leg.br/materia/1842\" target=\"_self\" title=\"\">1.1 Quanto, deste valor referido acima, foi destinado especi\ufb01camente para realiza\u00e7\u00e3o de exames, no ano de 2021?\u00a0</a></span></p>\r\n<p><span><a class=\"external-link\" href=\"https://sapl.trespassos.rs.leg.br/materia/1842\" target=\"_self\" title=\"\">2. Quem foram os pacientes que tiveram exames custeados pelo Munic\u00edpio, com recursos espec\u00ed\ufb01cos da COVID-19, no ano de 2021?\u00a0</a></span></p>\r\n<p><span><a class=\"external-link\" href=\"https://sapl.trespassos.rs.leg.br/materia/1842\" target=\"_self\" title=\"\">2.1 Qual foi exame realizado por cada um destes pacientes?</a></span></p>\r\n<p><span><a class=\"external-link\" href=\"https://sapl.trespassos.rs.leg.br/materia/1842\" target=\"_self\" title=\"\">2.2 Quem foi o(a) m\u00e9dico(a) que solicitou cada um destes exames?\u00a0</a></span></p>\r\n<p><span><a class=\"external-link\" href=\"https://sapl.trespassos.rs.leg.br/materia/1842\" target=\"_self\" title=\"\">2.3 Quando cada um destes exames foi realizado?\u00a0</a></span></p>\r\n<p><span><a class=\"external-link\" href=\"https://sapl.trespassos.rs.leg.br/materia/1842\" target=\"_self\" title=\"\">2.4 Qual a forma de contrata\u00e7\u00e3o desses exames (CISA, licita\u00e7\u00e3o, dispensa, etc)?</a></span></p>\r\n<p><span><a class=\"external-link\" href=\"https://sapl.trespassos.rs.leg.br/materia/1842\" target=\"_self\" title=\"\">Autor: Edivan Baron, com o apoio dos vereadores Diego Maciel, Flavio Habitzreiter, Gilmar Maier, Paulo Sattler</a></span></p>\r\n<p><a class=\"external-link\" href=\"https://sapl.trespassos.rs.leg.br/materia/1827\" target=\"_self\" title=\"\">\u25b6\ufe0fPedido de Provid\u00eancias n\u00ba 146 de 2021, Solicita que sejam realizadas pelo Setor da Vigil\u00e2ncia Sanit\u00e1ria da Prefeitura Municipal, conforme roteiro pr\u00e9-estabelecido, visitas nas resid\u00eancias das pessoas que fazem o recolhimento de papel\u00e3o, a \ufb01m de se veri\ufb01car como est\u00e1 a limpeza e controle desses locais, devido ao poss\u00edvel ac\u00famulo de papel e res\u00edduos, que podem gerar a prolifera\u00e7\u00e3o\u00a0 de animais e insetos, como ratos e baratas,\u00a0 gerando\u00a0 a\u00a0 \u00a0reclama\u00e7\u00e3o, especialmente, dos vizinhos.\u00a0</a></p>\r\n<p><span><a class=\"external-link\" href=\"https://sapl.trespassos.rs.leg.br/materia/1827\" target=\"_self\" title=\"\">Autor: Jo\u00e3o Boll, com o apoio dos vereadores Daiana Bald, Ingomar Sandtner, Jair Locatelli, Osvaldir Urnau</a></span></p>\r\n<p>\u00a0</p>\r\n<h3><span>*** GRANDE EXPEDIENTE E EXPLICA\u00c7\u00d5ES PESSOAIS***</span></h3>\r\n<p><span><span> </span>O espa\u00e7o do Grande Expediente foi ocupado pela vereadora:\u00a0 Maria Helena Krummenauer.</span></p>\r\n<p><span><span> </span>O espa\u00e7o das Explica\u00e7\u00f5es Pessoais foi suprimido conforme acordado entre os parlamentares.</span></p>\r\n<p style=\"text-align: justify; \">Durante o espa\u00e7o do Grande Expediente a Vereadora Maria Helena Krummenauer falou da sua indica\u00e7\u00e3o ao Executivo Municipal que ser\u00e1 assinada por todos os vereadores, para que seja realizada parceria ao projeto da 1\u00aa Prenda Juvenil do CTG Missioneiros dos Pampas de Tr\u00eas Passos, Thauany Caliandra dos Reis, que objetiva a arrecada\u00e7\u00e3o de absorventes higi\u00eanicos para estudantes e mulheres de baixa renda, que ser\u00e3o distribu\u00eddos de forma gratuita, proporcionando a disponibiliza\u00e7\u00e3o de caixas de coletas dos referidos itens de higiene no Passo Municipal, nas Unidades de Sa\u00fade, nas Secretarias Municipais e junto a C\u00e2mara de Vereadores.</p>\r\n<p><span><span> </span>Tais insumos de higiene pessoal s\u00e3o inacess\u00edveis a grande parcela de estudantes e mulheres que vivem em situa\u00e7\u00e3o de hipossufici\u00eancia social e econ\u00f4mica, sendo um problema social que necessita de aten\u00e7\u00e3o especial.</span></p>\r\n<p><span><span> </span> Estiveram presentes na sess\u00e3o o Coordenador Da 20\u00aa Regi\u00e3o Tradicionalista Army Jo\u00e3o Voos Junior, Prenda Dente de Leite Carolina Becker Da Silva, 1\u00aa Prenda Mirim Maria Clara Kruel, 1\u00aa Prenda Juvenil Thauany Caliandra Dos Reis, 2\u00aa Prenda Juvenil Eduarda Lisiane Franz, 3\u00aa Prenda Juvenil Camila Beatriz Finkler, 1\u00ba Guri Gabriel Zamim e a 3\u00aa Prenda Mirim Do Estado Do Rio Grande Do Sul Rafaela Mariani Bertolo Boss que fizeram a entrega da caixa de coleta para doa\u00e7\u00f5es dos absorventes, que ficar\u00e1 a disposi\u00e7\u00e3o da popula\u00e7\u00e3o junto a C\u00e2mara de Vereadores.</span></p>\r\n<p><span><br /></span></p>\r\n<p><span><br /></span></p>\r\n<p><span><br /></span></p>\r\n<p><span>*Esta mat\u00e9ria \u00e9 uma publica\u00e7\u00e3o informativa. As informa\u00e7\u00f5es aqui contidas s\u00e3o resumidas para uma melhor adequa\u00e7\u00e3o do conte\u00fado ao site. Todas as mat\u00e9rias legislativas constantes da mesma poder\u00e3o ser consultadas em sua integralidade no endere\u00e7o:\u00a0 https://trespassos.rs.leg.br/processo-legislativo/sessoes-plenarias ou poder\u00e1 ser acessado o v\u00eddeo da sess\u00e3o atrav\u00e9s da p\u00e1gina do Facebook\u00a0 (https://www.facebook.com/CamaradeVereadoresdeTresPassos).</span></p>", "author_name": "", "version": "1.0", "author_url": "https://www.trespassos.rs.leg.br/author/Camara", "provider_name": "C\u00e2mara Municipal de Tr\u00eas Passos - RS", "type": "rich"}