{"provider_url": "https://www.trespassos.rs.leg.br", "title": "REALIZADA A 7\u00aa SESS\u00c3O ORDIN\u00c1RIA DE 2022", "html": "<p style=\"text-align: justify; \">Foi realizada nesta segunda-feira, 21 de Mar\u00e7o, a 7\u00aa Sess\u00e3o Ordin\u00e1ria da C\u00e2mara Municipal de Tr\u00eas Passos, no plen\u00e1rio do Legislativo, com transmiss\u00e3o ao vivo por meio da p\u00e1gina do Facebook da C\u00e2mara de Vereadores, simultaneamente pelo Canal do YouTube e posteriormente sendo transmitida pela R\u00e1dio Alto Uruguai 92.5FM.</p>\r\n<h3>** POSSE DE VEREADORES SUPLENTES**</h3>\r\n<p style=\"text-align: justify; \"><span>Os suplentes de vereadores Liane Maria Schussler Konrad (PSDB) e Evandro Luis Mohr (MDB), prestaram o compromisso de posse e assinaram o respectivo termo, assumindo assim as vagas das Bancadas do PSDB e MDB, em fun\u00e7\u00e3o da licen\u00e7a dos titulares vereadores Osvadir Jos\u00e9 Urnau e Daiana Vanessa Bald, que se licenciaram para investidura nos cargos de Secret\u00e1rio Municipal de Educa\u00e7\u00e3o Cultura e Desporto e Secret\u00e1ria Municipal de Agricultura, a partir dos dias 15 e 16 de mar\u00e7o, respectivamente.\u00a0</span></p>\r\n<p style=\"text-align: justify; \"><span><br /></span></p>\r\n<h3><span>*** NA ORDEM DO DIA FORAM VOTADAS AS SEGUINTES PROPOSI\u00c7\u00d5ES***</span></h3>\r\n<p style=\"text-align: justify; \">\u2705<a class=\"external-link\" href=\"https://sapl.trespassos.rs.leg.br/materia/1993\" target=\"_self\" title=\"\">Projeto de Lei Complementar n\u00ba 1 de 2022 - Autoriza o Poder Executivo Municipal a proceder na concess\u00e3o de descontos para pagamento do Imposto Predial e Territorial Urbano - IPTU para o exerc\u00edcio de 2022, em cota \u00fanica, at\u00e9 o dia 10 de maio de 2022, no percentual de 5%, desde que o im\u00f3vel n\u00e3o possua d\u00e9bitos vencidos junto ao er\u00e1rio Municipal.</a></p>\r\n<p style=\"text-align: justify; \"><span><a class=\"external-link\" href=\"https://sapl.trespassos.rs.leg.br/materia/1993\" target=\"_self\" title=\"\">O IPTU tamb\u00e9m poder\u00e1 ser pago em oito parcelas, iniciando-se no dia 10 de maio e finalizando no dia 10 de dezembro de 2022. Autor: Arlei Luis Tomazoni - Prefeito Municipal</a></span></p>\r\n<p style=\"text-align: justify; \">* APROVADO POR UNANIMIDADE</p>\r\n<hr />\r\n<p style=\"text-align: justify; \"><a class=\"external-link\" href=\"https://sapl.trespassos.rs.leg.br/materia/2002\" target=\"_self\" title=\"\">\u2705Projeto de Lei Ordin\u00e1ria n\u00ba 20 de 2022- Altera a Lei Municipal n\u00ba 5638/21, que reestrutura as normas do fundo municipal de apoio ao desenvolvimento dos pequenos estabelecimentos rurais de Tr\u00eas Passos.</a></p>\r\n<p style=\"text-align: justify; \">* APROVADO POR UNANIMIDADE</p>\r\n<hr />\r\n<p style=\"text-align: justify; \"><a class=\"external-link\" href=\"https://sapl.trespassos.rs.leg.br/materia/2003\" target=\"_self\" title=\"\">\u2705Projeto de Lei Ordin\u00e1ria n\u00ba 21 de 2022- Autoriza a abertura de cr\u00e9dito especial na Lei 5691/21, LOA para o exerc\u00edcio de 2022.</a></p>\r\n<p style=\"text-align: justify; \"><span><a class=\"external-link\" href=\"https://sapl.trespassos.rs.leg.br/materia/2003\" target=\"_self\" title=\"\">\u2705Mensagem reti\ufb01cativa enviada pelo Prefeito Municipal ao projeto de lei n\u00ba 21, de 2022, alterando os arts. 1\u00ba e 2\u00ba, conforme orienta\u00e7\u00e3o t\u00e9cnica.</a></span></p>\r\n<p style=\"text-align: justify; \">* APROVADO POR UNANIMIDADE O PROJETO DE LEI E A MENSAGEM RETIFICATIVA</p>\r\n<p style=\"text-align: justify; \"><span><br /></span></p>\r\n<h3><span>NA ORDEM DO DIA FORAM DISCUTIDAS PREVIAMENTE AS SEGUINTES PROPOSI\u00c7\u00d5ES:</span></h3>\r\n<p style=\"text-align: justify; \"><a class=\"external-link\" href=\"https://sapl.trespassos.rs.leg.br/materia/2004\" target=\"_self\" title=\"\"><span></span>\u2705Projeto de Lei Ordin\u00e1ria n\u00ba 22 de 2022- Autoriza inclus\u00e3o de elementos de despesas no montante de R$ 3.609.500,00, e altera\u00e7\u00f5es na Lei 5.691/2021(LOA) exerc\u00edcio 2022, nos arts. 7\u00ba e Art. 8\u00ba, para execu\u00e7\u00e3o das emendas impositivas individuais e de bancada dos vereadores. Autor: Arlei Luis Tomazoni \u2013 Prefeito Municipal</a></p>\r\n<p style=\"text-align: justify; \"><a class=\"external-link\" href=\"https://sapl.trespassos.rs.leg.br/materia/2004\" target=\"_self\" title=\"\">\u2705Mensagem reti\ufb01cativa enviada pelo Prefeito Municipal ao projeto de lei n\u00ba 22, de 2022, de acordo com a orienta\u00e7\u00e3o t\u00e9cnica, no sentido de alterar o art. 2\u00ba do projeto, retirando a parte que tratava dos arts. 7\u00ba e\u00a0 8\u00ba da Lei Municipal n\u00ba 5.691/2021.</a></p>\r\n<p style=\"text-align: justify; \"><span>\ud83d\udde3 Os vereadores que utilizaram o espa\u00e7o na discuss\u00e3o pr\u00e9via do projeto foram: Jo\u00e3o Boll, Diego Maciel, Paulinho Sattler, Ingomar Sandtner, Gilmar Maier, Edivan Baron, Luis da Silva, Flavio Habitzreiter e Jair Locatelli.</span></p>\r\n<hr />\r\n<p style=\"text-align: justify; \"><a class=\"external-link\" href=\"https://sapl.trespassos.rs.leg.br/materia/2013\" target=\"_self\" title=\"\">\u2705Projeto de Lei Ordin\u00e1ria n\u00ba 23 de 2022, Autoriza a abertura de cr\u00e9dito especial na Lei 5691/21, LOA para o exerc\u00edcio de 2022, no montante de R$ 379.000,00 junto \u00e0 Secretaria Municipal de Planejamento, para contabiliza\u00e7\u00e3o das a\u00e7\u00f5es para trabalhos de consultoria na Secretaria Municipal de Planejamento; na Secretaria Municipal de Educa\u00e7\u00e3o, Cultura, Turismo e Desporto, bem como da aquisi\u00e7\u00e3o de cesto a\u00e9reo para equipar ve\u00edculo de manuten\u00e7\u00e3o da Ilumina\u00e7\u00e3o P\u00fablica. Autor: Arlei Luis Tomazoni \u2013 Prefeito Municipal.\u00a0</a></p>\r\n<p style=\"text-align: justify; \">\ud83d\udde3 O vereador que utilizou o espa\u00e7o na discuss\u00e3o pr\u00e9via do projeto foi: Jo\u00e3o Boll</p>\r\n<hr />\r\n<p style=\"text-align: justify; \"><a class=\"external-link\" href=\"https://sapl.trespassos.rs.leg.br/materia/2014\" target=\"_self\" title=\"\">\u2705Projeto de Lei Ordin\u00e1ria n\u00ba 24 de 2022, Autoriza a abertura de cr\u00e9dito especial na Lei 5691/21, LOA para o exerc\u00edcio de 2022, no valor de R$ 1.125.000,00, para contabiliza\u00e7\u00e3o das despesas com a amplia\u00e7\u00e3o e reforma do Polo UAB. Autor: Arlei Luis Tomazoni \u2013 Prefeito Municipal</a></p>\r\n<p style=\"text-align: justify; \">\ud83d\udde3 O vereador que utilizou o espa\u00e7o na discuss\u00e3o pr\u00e9via do projeto foi: Jo\u00e3o Boll</p>\r\n<hr />\r\n<p style=\"text-align: justify; \"><a class=\"external-link\" href=\"https://sapl.trespassos.rs.leg.br/materia/2015\" target=\"_self\" title=\"\">\u2705Projeto de Lei Ordin\u00e1ria n\u00ba 25 de 2022, Autoriza a abertura de cr\u00e9dito especial na Lei 5691/21, LOA para o exerc\u00edcio de 2022, no montante de R$ 9.930.000,00.</a></p>\r\n<p style=\"text-align: justify; \"><a class=\"external-link\" href=\"https://sapl.trespassos.rs.leg.br/materia/2015\" target=\"_self\" title=\"\"><span>Ser\u00e3o suplementados com or\u00e7amento do superavit financeiro do exerc\u00edcio anterior as a\u00e7\u00f5es para aquisi\u00e7\u00e3o de materiais para manuten\u00e7\u00e3o e amplia\u00e7\u00e3o da ilumina\u00e7\u00e3o p\u00fablica, contrapartidas e obras de asfaltamento em vias p\u00fablicas, servi\u00e7os de cercamento eletr\u00f4nico e v\u00eddeo-monitoramento, na Secretaria Municipal de Obras e Via\u00e7\u00e3o; aquisi\u00e7\u00e3o de duas escavadeiras hidr\u00e1ulicas e constru\u00e7\u00e3o de pontes, na Secretaria Municipal de Transportes; aquisi\u00e7\u00e3o de material para ampliar o atrativo tur\u00edstico, na Secretaria Municipal de Educa\u00e7\u00e3o, Cultura, Turismo e Desporto; amplia\u00e7\u00e3o e manuten\u00e7\u00e3o dos servi\u00e7os de \u00e1gua, contrapartida para aquisi\u00e7\u00e3o de patrulha agr\u00edcola, execu\u00e7\u00e3o dos programas de incentivo, na Secretaria Municipal de Agricultura; obras na infraestrutura do Parque de Exposi\u00e7\u00f5es Egon Julio Goelzer, na Secretaria Municipal de Ind\u00fastria, Com\u00e9rcio e Servi\u00e7os.\u00a0</span>Autor: Arlei Luis Tomazoni \u2013 Prefeito Municipal</a></p>\r\n<p style=\"text-align: justify; \"><a class=\"external-link\" href=\"https://sapl.trespassos.rs.leg.br/materia/2045\" target=\"_self\" title=\"\">\u2705Emenda n\u00ba 3 de 2022- Emenda Modi\ufb01cativa ao projeto de lei n\u00ba 25, de 2022, que autoriza a abertura de cr\u00e9dito especial na Lei 5691/21, LOA para o exerc\u00edcio de 2022.\u00a0</a></p>\r\n<p style=\"text-align: justify; \"><span><a class=\"external-link\" href=\"https://sapl.trespassos.rs.leg.br/materia/2045\" target=\"_self\" title=\"\">A altera\u00e7\u00e3o \u00e9 na ementa do projeto de lei n\u00ba 25/22, substituindo o termo cr\u00e9dito suplementar para cr\u00e9dito especial, em conson\u00e2ncia com o art. 1\u00ba do projeto. Autora: COF - Comiss\u00e3o de Or\u00e7amento, Finan\u00e7as e Infraestrutura Urbana e Rural</a></span></p>\r\n<p style=\"text-align: justify; \">\ud83d\udde3 Os vereadores que utilizaram o espa\u00e7o na discuss\u00e3o pr\u00e9via do projeto foram: Jo\u00e3o Boll, Ingomar Sandtner, Edivan Baron, Jair Locatelli, Luis da Silva e Evandro Mohr.</p>\r\n<p style=\"text-align: justify; \"><span><br /></span></p>\r\n<h3><span>*** RESUMO DAS PROPOSI\u00c7\u00d5ES LIDAS NO EXPEDIENTE***</span></h3>\r\n<p style=\"text-align: justify; \"><span><a class=\"external-link\" href=\"https://sapl.trespassos.rs.leg.br/materia/2044\" target=\"_self\" title=\"\">\u2705Proposta de Emenda \u00e0 Lei Org\u00e2nica n\u00ba 1 de 2022- Altera o \u00a7 1\u00ba do art. 58 da Lei Org\u00e2nica do Munic\u00edpio de Tr\u00eas Passos, no sentido de reduzir de 30 para 15 dias o prazo para a resposta dos pedidos de informa\u00e7\u00e3o encaminhados pelos Vereadores ao Prefeito Municipal. Autor: Vereadores Edivan N. Baron, Gilmar Maier e Paulo G. Sattler \u2013 Mesa Diretora</a></span></p>\r\n<p style=\"text-align: justify; \">PARA O EXAME DESTA MAT\u00c9RIA SER\u00c1 COMPOSTA COMISS\u00c3O ESPECIAL NA PR\u00d3XIMA SESS\u00c3O (28/03/22).</p>\r\n<hr />\r\n<p style=\"text-align: justify; \"><a class=\"external-link\" href=\"https://sapl.trespassos.rs.leg.br/materia/2038\" target=\"_self\" title=\"\">\u2705Projeto de Lei Ordin\u00e1ria n\u00ba 8 de 2022- Cria o Fundo Municipal do Servi\u00e7o de Inspe\u00e7\u00e3o Municipal (FUNSIM) do munic\u00edpio de Tr\u00eas Passos, que tem por finalidade assegurar meios para promo\u00e7\u00e3o, desenvolvimento, implanta\u00e7\u00e3o, manuten\u00e7\u00e3o, equipamentos, aparelhamento, capacita\u00e7\u00e3o, estudo, pesquisa, programas, projetos, servi\u00e7os e a\u00e7\u00f5es voltadas ao desenvolvimento do Servi\u00e7o de Inspe\u00e7\u00e3o Municipal de Tr\u00eas Passos SIM/TP, com recursos do valor das multas aplicadas. Autor: Arlei Luis Tomazoni \u2013 Prefeito Municipal</a></p>\r\n<p style=\"text-align: justify; \">DESIGNA\u00c7\u00c3O DOS RELATORES NAS COMISS\u00d5ES PERMANENTES:</p>\r\n<p style=\"text-align: justify; \"><span>CCR:Jair Locatelli</span></p>\r\n<p style=\"text-align: justify; \"><span>COF: Evandro Mohr</span></p>\r\n<hr />\r\n<p style=\"text-align: justify; \"><a class=\"external-link\" href=\"https://sapl.trespassos.rs.leg.br/materia/2032\" target=\"_self\" title=\"\">\u2705Projeto de Lei Ordin\u00e1ria n\u00ba 26 de 2022- Autoriza inclus\u00e3o de elementos de despesas e altera\u00e7\u00f5es na Lei 5.691/2021(LOA) exerc\u00edcio 2022.\u00a0</a></p>\r\n<p style=\"text-align: justify; \"><span><a class=\"external-link\" href=\"https://sapl.trespassos.rs.leg.br/materia/2032\" target=\"_self\" title=\"\">Prev\u00ea a abertura de cr\u00e9dito suplementar no or\u00e7amento vigente no valor de R$ 900.337,50, para execu\u00e7\u00e3o das emendas individuais e de bancada (or\u00e7amento impositivo), nas \u00e1reas de ilumina\u00e7\u00e3o p\u00fablica; implanta\u00e7\u00e3o de sistemas de abastecimento de \u00e1gua; incentivo \u00e0 produ\u00e7\u00e3o e distribui\u00e7\u00e3o de alimentos de origem animal, atrav\u00e9s de subven\u00e7\u00e3o econ\u00f4mica; apoio a agroind\u00fastrias; constru\u00e7\u00e3o de pista de atletismo, pista de skate e infraestrutura esportiva; manuten\u00e7\u00e3o de a\u00e7\u00f5es especializadas de sa\u00fade de m\u00e9dia e alta complexidade \u2013 CAPS; manuten\u00e7\u00e3o de servi\u00e7os de m\u00e9dia e alta complexidade. Autor: Arlei Luis Tomazoni \u2013 Prefeito Municipal</a></span></p>\r\n<p style=\"text-align: justify; \">DESIGNA\u00c7\u00c3O DO RELATOR NA COMISS\u00c3O DE OR\u00c7AMENTO, FINAN\u00c7AS E INFRAESTRUTURA URBANA E RURAL</p>\r\n<p style=\"text-align: justify; \"><span>COF: Evandro Mohr</span></p>\r\n<hr />\r\n<p style=\"text-align: justify; \"><a class=\"external-link\" href=\"https://sapl.trespassos.rs.leg.br/materia/2039\" target=\"_self\" title=\"\">\u2705Projeto de Lei Ordin\u00e1ria n\u00ba 27 de 2022- Autoriza inclus\u00e3o de elementos\u00a0 de despesas e altera\u00e7\u00f5es na Lei 5.691/2021(LOA) exerc\u00edcio 2022.\u00a0</a></p>\r\n<p style=\"text-align: justify; \"><span><a class=\"external-link\" href=\"https://sapl.trespassos.rs.leg.br/materia/2039\" target=\"_self\" title=\"\">Abre cr\u00e9dito especial no or\u00e7amento vigente no valor de R$ 9.500,00, para contabiliza\u00e7\u00e3o das despesas com a manuten\u00e7\u00e3o do Fundo Municipal do Servi\u00e7o de Inspe\u00e7\u00e3o Municipal (FUNSIM). Autor: Arlei Luis Tomazoni \u2013 Prefeito Municipal</a></span></p>\r\n<p style=\"text-align: justify; \">DESIGNA\u00c7\u00c3O DO RELATOR NA COMISS\u00c3O DE OR\u00c7AMENTO, FINAN\u00c7AS E INFRAESTRUTURA URBANA E RURAL</p>\r\n<p style=\"text-align: justify; \"><span>COF: Jo\u00e3o Boll</span></p>\r\n<hr />\r\n<p style=\"text-align: justify; \"><a class=\"external-link\" href=\"https://sapl.trespassos.rs.leg.br/materia/2036\" target=\"_self\" title=\"\">\u2705Projeto de Lei Ordin\u00e1ria n\u00ba 28 de 2022- Autoriza inclus\u00e3o de elementos de despesas e altera\u00e7\u00f5es na Lei 5.691/2021(LOA) exerc\u00edcio 2022.\u00a0</a></p>\r\n<p style=\"text-align: justify; \"><span><a class=\"external-link\" href=\"https://sapl.trespassos.rs.leg.br/materia/2036\" target=\"_self\" title=\"\">Abre cr\u00e9dito especial no or\u00e7amento vigente no valor de R$ 35.000,00, para contabiliza\u00e7\u00e3o do valor\u00a0 recebido do Governo do Estado atrav\u00e9s do Termo de Conv\u00eanio FPE n\u00ba 690-2022 \u2013 Projeto Melhores Amigos. Autor: Arlei Luis Tomazoni \u2013 Prefeito Municipal</a></span></p>\r\n<p style=\"text-align: justify; \">DESIGNA\u00c7\u00c3O DO RELATOR NA COMISS\u00c3O DE OR\u00c7AMENTO, FINAN\u00c7AS E INFRAESTRUTURA URBANA E RURAL</p>\r\n<p style=\"text-align: justify; \"><span>COF: Jo\u00e3o Boll</span></p>\r\n<hr />\r\n<p style=\"text-align: justify; \"><a class=\"external-link\" href=\"https://sapl.trespassos.rs.leg.br/materia/2041\" target=\"_self\" title=\"\">\u2705Projeto de Lei Ordin\u00e1ria n\u00ba 29 de 2022- Altera a Lei Municipal n\u00ba 5.490, de 27 de agosto de 2019, que cria o Plano de Classi\ufb01ca\u00e7\u00e3o de Cargos do Instituto de Previd\u00eancia do Servidor P\u00fablico do Munic\u00edpio de Tr\u00eas Passos - RS.\u00a0</a></p>\r\n<p style=\"text-align: justify; \"><span><a class=\"external-link\" href=\"https://sapl.trespassos.rs.leg.br/materia/2041\" target=\"_self\" title=\"\">A altera\u00e7\u00e3o \u00e9 no sentido de corrigir uma disson\u00e2ncia entre os padr\u00f5es salariais do IPSTP e dos demais servidores p\u00fablicos municipais, uma vez que os padr\u00f5es remetidos aos servidores do Instituto de Previd\u00eancia s\u00e3o menores que os padr\u00f5es dos servidores da Prefeitura.\u00a0 Autor: Arlei Luis Tomazoni \u2013 Prefeito Municipal</a></span></p>\r\n<p style=\"text-align: justify; \">DESIGNA\u00c7\u00c3O DOS RELATORES NAS COMISS\u00d5ES PERMANENTES:</p>\r\n<p style=\"text-align: justify; \"><span>CCR:\u00a0 Flavio Habitzreiter</span></p>\r\n<p style=\"text-align: justify; \"><span>COF: Jo\u00e3o Boll</span></p>\r\n<hr />\r\n<p style=\"text-align: justify; \"><a class=\"external-link\" href=\"https://sapl.trespassos.rs.leg.br/materia/2031\" target=\"_self\" title=\"\">\u2705Projeto de Lei Legislativa n\u00ba 5 de 2022- Disp\u00f5e sobre a obrigatoriedade de expedi\u00e7\u00e3o de receitas m\u00e9dicas e odontol\u00f3gicas digitadas em computador, a fim de garantir que as pessoas saibam dizer o que lhes foi prescrito, pois muitas vezes t\u00eam dificuldade em entender a letra do m\u00e9dico no receitu\u00e1rio.\u00a0 Autor: Flavio Habitzreiter</a></p>\r\n<p style=\"text-align: justify; \">DESIGNA\u00c7\u00c3O DO RELATOR NA COMISS\u00c3O DE CONSTITUI\u00c7\u00c3O, REDA\u00c7\u00c3O E BEM-ESTAR SOCIAL</p>\r\n<p style=\"text-align: justify; \"><span>CCR: Flavio Habitzreiter</span></p>\r\n<hr />\r\n<p style=\"text-align: justify; \"><a class=\"external-link\" href=\"https://sapl.trespassos.rs.leg.br/materia/2040\" target=\"_self\" title=\"\">\u2705Projeto de Resolu\u00e7\u00e3o n\u00ba 4 de 2022- Altera a Resolu\u00e7\u00e3o n\u00ba 006/03, que disp\u00f5e sobre o Regimento Interno da C\u00e2mara Municipal de Tr\u00eas Passos, no sentido de reduzir de 30 para 15 dias o prazo para a resposta dos pedidos de informa\u00e7\u00e3o encaminhados pelos Vereadores ao Prefeito Municipal, em conson\u00e2ncia com a proposta de emenda \u00e0 Lei Org\u00e2nica n\u00ba 1/22. Autor: Vereadores Edivan N. Baron, Gilmar Maier e Paulo G. Sattler - Mesa Diretora</a></p>\r\n<p style=\"text-align: justify; \">DESIGNA\u00c7\u00c3O DO RELATOR NA COMISS\u00c3O DE CONSTITUI\u00c7\u00c3O, REDA\u00c7\u00c3O E BEM-ESTAR SOCIAL</p>\r\n<p style=\"text-align: justify; \"><span>CCR: Diego Maciel</span></p>\r\n<p style=\"text-align: justify; \"><span><br /></span></p>\r\n<h3 style=\"text-align: justify; \"><span>** RESUMO DOS REQUERIMENTOS, INDICA\u00c7\u00d5ES, PEDIDO DE INFORMA\u00c7\u00c3O E PEDIDOS DE PROVID\u00caNCIAS APRESENTADOS PELOS PARLAMENTARES***</span></h3>\r\n<p style=\"text-align: justify; \"><a class=\"external-link\" href=\"https://sapl.trespassos.rs.leg.br/materia/2025\" target=\"_self\" title=\"\"><span>\u25b6\ufe0fRequerimento n\u00ba 6 de 2022, Requer a inclus\u00e3o na Ordem do Dia do projeto de lei n\u00ba 92/21, que autoriza o Poder Executivo a conceder o uso de im\u00f3vel para cultivo agr\u00edcola, com base no inciso IX do art. 114 do Regimento Interno da C\u00e2mara Municipal.\u00a0</span>Autor: Jair Locatelli</a></p>\r\n<p style=\"text-align: justify; \">\u25b6\ufe0f<a class=\"external-link\" href=\"https://sapl.trespassos.rs.leg.br/materia/2034\" target=\"_self\" title=\"\">Requerimento n\u00ba 7 de 2022, Seja enviado of\u00edcio \u00e0 Superintend\u00eancia Regional do DAER de Palmeira das Miss\u00f5es, solicitando a instala\u00e7\u00e3o tach\u00f5es no meio da via entre os Munic\u00edpios de Tr\u00eas Passos e Esperan\u00e7a do Sul (VRS 322), em raz\u00e3o do elevado n\u00famero de acidentes que ocorrem no local, sobretudo por ser um asfalto estreito, sem acostamento, mas em boas condi\u00e7\u00f5es de uso, favorecendo o tr\u00e1fego em alta velocidade.\u00a0Autor: Paulo Sattler, com o apoio dos vereadores Diego Maciel, Edivan Baron, Flavio Habitzreiter, Gilmar Maier, Luis da Silva.</a></p>\r\n<p style=\"text-align: justify; \"><span>* APROVADO POR UNANIMIDADE\u00a0</span></p>\r\n<p style=\"text-align: justify; \">\u25b6\ufe0f<a class=\"external-link\" href=\"https://sapl.trespassos.rs.leg.br/materia/2026\" target=\"_self\" title=\"\">Indica\u00e7\u00e3o n\u00ba 14 de 2022, Sugere a cria\u00e7\u00e3o do Programa de Recupera\u00e7\u00e3o Fiscal (REFIS) sob a justi\ufb01cativa de incrementar as receitas municipais e dar oportunidade ao cidad\u00e3o para legalizar sua situa\u00e7\u00e3o junto ao Munic\u00edpio, proporcionando a recupera\u00e7\u00e3o de cr\u00e9ditos tribut\u00e1rios e n\u00e3o tribut\u00e1rios, dando outras provid\u00eancias necess\u00e1rias. Autor: Jair Locatelli, com o apoio dos vereadores Ingomar Sandtner, Jo\u00e3o Boll.</a></p>\r\n<p style=\"text-align: justify; \">\u25b6\ufe0f<a class=\"external-link\" href=\"https://sapl.trespassos.rs.leg.br/materia/2029\" target=\"_self\" title=\"\">Indica\u00e7\u00e3o n\u00ba 15 de 2022, Sugere a instala\u00e7\u00e3o de uma parada de \u00f4nibus na Av. Perimetral, nas proximidades do pr\u00e9dio n\u00ba 2313 e da Hidr\u00e1ulica Carvalho, para que as crian\u00e7as que aguardam o transporte escolar n\u00e3o \ufb01quem expostas ao tempo, principalmente durante a esta\u00e7\u00e3o do inverno (frio e chuva).\u00a0Autor: Luis da Silva, com o apoio dos vereadores Diego Maciel, Edivan Baron, Flavio Habitzreiter, Gilmar Maier, Paulo Sattler.</a></p>\r\n<p style=\"text-align: justify; \">\u25b6\ufe0f<a class=\"external-link\" href=\"https://sapl.trespassos.rs.leg.br/materia/2030\" target=\"_self\" title=\"\">Indica\u00e7\u00e3o n\u00ba 16 de 2022, Indica que a Secretaria de Sa\u00fade passe a realizar a distribui\u00e7\u00e3o do kit lanche aos pacientes residentes e domiciliados em Tr\u00eas Passos que utilizam o transporte municipal para realiza\u00e7\u00e3o de hemodi\u00e1lise em Iju\u00ed.\u00a0Autores: Flavio Habitzreiter, com o apoio dos vereadores Diego Maciel, Edivan Baron, Gilmar Maier, Luis da Silva, Paulo Sattler.</a></p>\r\n<p style=\"text-align: justify; \">\u25b6\ufe0f<a class=\"external-link\" href=\"https://sapl.trespassos.rs.leg.br/materia/2033\" target=\"_self\" title=\"\">Indica\u00e7\u00e3o n\u00ba 17 de 2022, Indica que o Sr. Prefeito Municipal proceda na\u00a0 aquisi\u00e7\u00e3o\u00a0 de\u00a0 ve\u00edculo adaptado, com acessibilidade, para uso de mun\u00edcipes com mobilidade reduzida que dependem da utiliza\u00e7\u00e3o de ve\u00edculos o\ufb01ciais para locomo\u00e7\u00e3o, sobretudo para tratamento de sa\u00fade em outros munic\u00edpios.Autor: Luis da Silva, com o apoio dos vereadores Diego Maciel, Edivan Baron, Flavio Habitzreiter, Gilmar Maier, Paulo Sattler.</a></p>\r\n<p style=\"text-align: justify; \">\u25b6\ufe0f<a class=\"external-link\" href=\"https://sapl.trespassos.rs.leg.br/materia/2037\" target=\"_self\" title=\"\">Pedido de Informa\u00e7\u00e3o n\u00ba 8 de 2022, Requer ao Sr. Prefeito Municipal que informe: a) Quanto o munic\u00edpio arrecadou com a contribui\u00e7\u00e3o de ilumina\u00e7\u00e3o p\u00fablica (CIP), desde de janeiro de 2021? Enviar relat\u00f3rio da arrecada\u00e7\u00e3o m\u00eas a m\u00eas do per\u00edodo solicitado. b) Quais foram os destinos dos valores arrecadados atrav\u00e9s da CIP, desde de janeiro de 2021? Enviar relat\u00f3rio da destina\u00e7\u00e3o m\u00eas a m\u00eas do per\u00edodo solicitado. c) Se existem sobras dos valores arrecadados e gastos, qual o super\u00e1vit mensal, desde de janeiro de 2021 at\u00e9 a data de resposta deste pedido? E qual o super\u00e1vit acumulado na data de resposta do pedido? d) Se h\u00e1 superavit, existe algum estudo para diminuir o valor das al\u00edquotas pagas pelos mun\u00edcipes, estabelecidas na Lei Municipal n\u00ba 3735/2002?\u00a0Autor: Paulo Sattler, com o apoio dos vereadores Diego Maciel, Edivan Baron, Flavio Habitzreiter, Gilmar Maier, Luis da Silva.</a></p>\r\n<p style=\"text-align: justify; \">\u25b6\ufe0f<a class=\"external-link\" href=\"https://sapl.trespassos.rs.leg.br/materia/2024\" target=\"_self\" title=\"\">Pedido de Provid\u00eancias n\u00ba 37 de 2022, Solicita o patrolamento\u00a0 e\u00a0 encascalhamento Linha \u00c1rvore Seca, pr\u00f3ximo \u00e0 casa de Darci Bublitz.\u00a0Autor: Flavio Habitzreiter, com o apoio dos vereadores Diego Maciel, Edivan Baron, Gilmar Maier, Luis da Silva, Paulo Sattler.</a></p>\r\n<p style=\"text-align: justify; \">\u25b6\ufe0f<a class=\"external-link\" href=\"https://sapl.trespassos.rs.leg.br/materia/2027\" target=\"_self\" title=\"\">Pedido de Provid\u00eancias n\u00ba 38 de 2022, Solicita a limpeza da pracinha existente no Loteamento Paulart, bem como a instala\u00e7\u00e3o de brinquedos que se encontram abandonadas no local, sem terem sido instalados.\u00a0Autor: Luis da Silva, com o apoio dos vereadores Diego Maciel, Edivan Baron, Flavio Habitzreiter, Gilmar Maier, Paulo Sattler.</a></p>\r\n<p style=\"text-align: justify; \">\u25b6\ufe0f<a class=\"external-link\" href=\"https://sapl.trespassos.rs.leg.br/materia/2028\" target=\"_self\" title=\"\">Pedido de Provid\u00eancias n\u00ba 39 de 2022, Solicita o fechamento de um buraco aberto pela Corsan recentemente na Rua Jo\u00e3o Kau\ufb00mann, Bairro Santa In\u00eas, defronte \u00e0 resid\u00eancia n\u00ba 592.\u00a0 Autor: Luis da Silva, com o apoio dos vereadores Diego Maciel, Edivan Baron, Flavio Habitzreiter, Gilmar Maier, Paulo Sattler.</a></p>\r\n<p style=\"text-align: justify; \">\u25b6\ufe0f<a class=\"external-link\" href=\"https://sapl.trespassos.rs.leg.br/materia/2035\" target=\"_self\" title=\"\">Pedido de Provid\u00eancias n\u00ba 40 de 2022, Solicita seja constru\u00edda cal\u00e7ada em frente ao\u00a0 terreno de propriedade do Munic\u00edpio, localizado na Rua Victoria Grimm Hartmann, em frente ao n\u00ba 385, Bairro Webers.\u00a0Autor: Paulo Sattler, com o apoio dos vereadores Diego Maciel, Edivan Baron, Flavio Habitzreiter, Gilmar Maier, Luis da Silva.</a></p>\r\n<p style=\"text-align: justify; \">\u25b6\ufe0f<a class=\"external-link\" href=\"https://sapl.trespassos.rs.leg.br/materia/2042\" target=\"_self\" title=\"\">Pedido de Provid\u00eancias n\u00ba 41 de 2022, Solicita que a Prefeitura, atrav\u00e9s do setor competente, promova o alargamento, patrolamento, cascalhamento e rolagem da estrada vicinal que liga a RS 472 ao estrad\u00e3o principal de acesso ao Distrito da Floresta, na localidade de Linha Feij\u00e3o Mi\u00fado.\u00a0\u00a0Autor: Diego Maciel, com o apoio dos vereadores Edivan Baron, Flavio Habitzreiter, Gilmar Maier, Luis da Silva, Paulo Sattler.</a></p>\r\n<p style=\"text-align: justify; \">\u25b6\ufe0f<a class=\"external-link\" href=\"https://sapl.trespassos.rs.leg.br/materia/2043\" target=\"_self\" title=\"\">Pedido de Provid\u00eancias n\u00ba 42 de 2022, Solicita que a Prefeitura, atrav\u00e9s\u00a0 do\u00a0 setor\u00a0 competente, adote, com urg\u00eancia, provid\u00eancias para diminuir e evitar os acidentes na Rua Get\u00falio Vargas, altura da resid\u00eancia de n\u00ba. 505.\u00a0\u00a0Autores: Diego Maciel, com o apoio dos vereadores Edivan Baron, Flavio Habitzreiter, Gilmar Maier, Luis da Silva, Paulo Sattler.</a></p>\r\n<p style=\"text-align: justify; \">\u00a0</p>\r\n<h3><span>*** INDICA\u00c7\u00c3O PARA AS COMISS\u00d5ES***</span></h3>\r\n<p style=\"text-align: justify; \"><span>Em fun\u00e7\u00e3o da licen\u00e7a dos vereadores titulares Osvaldir Jos\u00e9 Urnau e Daiana Vanessa Bald, houve a indica\u00e7\u00e3o dos substitutos nas Comiss\u00f5es:</span></p>\r\n<p style=\"text-align: justify; \"><span>\u25b6\ufe0fMEMBRO SUPLENTE CCR: Ingomar Sandter</span></p>\r\n<p style=\"text-align: justify; \"><span>\u25b6\ufe0fMEMBRO TITULAR DA COF: Evandro Mohr</span></p>\r\n<p style=\"text-align: justify; \"><span>\u25b6\ufe0fMEMBROS DO CONSELHO DE \u00c9TICA E DECORO PARLAMENTAR:\u00a0</span></p>\r\n<p style=\"text-align: justify; \"><span>Titular: Ingomar Sandtner</span></p>\r\n<p style=\"text-align: justify; \"><span>Suplente: Jair Locatelli</span></p>\r\n<p style=\"text-align: justify; \">\u00a0</p>\r\n<h3><span>*** GRANDE EXPEDIENTE E EXPLICA\u00c7\u00d5ES PESSOAIS***</span></h3>\r\n<p style=\"text-align: justify; \"><span>O espa\u00e7o do Grande Expediente foi ocupado pelos vereadores:\u00a0 Gilmar Maier, Evandro Mohr, Luis da Silva, Ingomar Sandter, Flavio Habitzreiter, Paulinho Sattler, Edivan Baron, Jo\u00e3o Boll, Jair Locatelli, Liane Konrad e Diego Maciel.</span></p>\r\n<p style=\"text-align: justify; \"><span><br /></span></p>\r\n<p style=\"text-align: justify; \"><span>O espa\u00e7o das Explica\u00e7\u00f5es Pessoais foi ocupado pelos vereadores:\u00a0 Flavio Habitzreiter, Diego Maciel, Evandro Mohr, Luis da Silva, Liane Konrad, Gilmar Maier, Edivan Baron, Ingomar Sandtner, Jair Locatelli, Paulinho Sattler e Jo\u00e3o Boll.</span></p>\r\n<p style=\"text-align: justify; \"><span><br /></span></p>\r\n<p style=\"text-align: justify; \"><span><br /></span></p>\r\n<p style=\"text-align: justify; \"><span>*Esta mat\u00e9ria \u00e9 uma publica\u00e7\u00e3o informativa. As informa\u00e7\u00f5es aqui contidas s\u00e3o resumidas para uma melhor adequa\u00e7\u00e3o do conte\u00fado ao site. Todas as mat\u00e9rias legislativas constantes da mesma poder\u00e3o ser consultadas em sua integralidade no endere\u00e7o:\u00a0 https://trespassos.rs.leg.br/processo-legislativo/sessoes-plenarias ou poder\u00e1 ser acessado o v\u00eddeo da sess\u00e3o atrav\u00e9s da p\u00e1gina do Facebook\u00a0 (https://www.facebook.com/CamaradeVereadoresdeTresPassos).</span></p>", "author_name": "", "version": "1.0", "author_url": "https://www.trespassos.rs.leg.br/author/Camara", "provider_name": "C\u00e2mara Municipal de Tr\u00eas Passos - RS", "type": "rich"}