{"provider_url": "https://www.trespassos.rs.leg.br", "title": "REALIZADA A 8\u00aa SESS\u00c3O ORDIN\u00c1RIA DE 2022", "html": "<p style=\"text-align: justify; \">Foi realizada nesta segunda-feira, 28 de Mar\u00e7o, a 8\u00aa Sess\u00e3o Ordin\u00e1ria da C\u00e2mara Municipal de Tr\u00eas Passos, no plen\u00e1rio do Legislativo, com transmiss\u00e3o ao vivo por meio da p\u00e1gina do Facebook da C\u00e2mara de Vereadores, simultaneamente pelo Canal do YouTube e posteriormente sendo transmitida pela R\u00e1dio Alto Uruguai 92.5FM.</p>\r\n<p style=\"text-align: justify; \"><span><br /></span></p>\r\n<h3><span>*** NA ORDEM DO DIA FORAM VOTADAS AS SEGUINTES PROPOSI\u00c7\u00d5ES***</span></h3>\r\n<p style=\"text-align: justify; \"><span><a class=\"external-link\" href=\"https://sapl.trespassos.rs.leg.br/materia/2004\" target=\"_self\" title=\"\">\u2705Projeto de Lei Ordin\u00e1ria n\u00ba 22 de 2022- Autoriza inclus\u00e3o de elementos de despesas no montante de R$ 3.609.500,00, e altera\u00e7\u00f5es na Lei 5.691/2021(LOA) exerc\u00edcio 2022, nos arts. 7\u00ba e Art. 8\u00ba, para execu\u00e7\u00e3o das emendas impositivas individuais e de bancada dos vereadores. Autor: Arlei Luis Tomazoni \u2013 Prefeito Municipal</a></span></p>\r\n<p style=\"text-align: justify; \"><a class=\"external-link\" href=\"https://sapl.trespassos.rs.leg.br/materia/2004\" target=\"_self\" title=\"\">\u2705Mensagem reti\ufb01cativa enviada pelo Prefeito Municipal ao projeto de lei n\u00ba 22, de 2022,\u00a0 conforme orienta\u00e7\u00e3o t\u00e9cnica.</a></p>\r\n<p style=\"text-align: justify; \"><span>* APROVADO POR UNANIMIDADE O PROJETO DE LEI E A MENSAGEM RETIFICATIVA</span></p>\r\n<hr />\r\n<p style=\"text-align: justify; \"><a class=\"external-link\" href=\"https://sapl.trespassos.rs.leg.br/materia/2013\" target=\"_self\" title=\"\">\u2705Projeto de Lei Ordin\u00e1ria n\u00ba 23 de 2022, Autoriza a abertura de cr\u00e9dito especial na Lei 5691/21, LOA para o exerc\u00edcio de 2022, no montante de R$ 379.000,00 junto \u00e0 Secretaria Municipal de Planejamento, para contabiliza\u00e7\u00e3o das a\u00e7\u00f5es para trabalhos de consultoria na Secretaria Municipal de Planejamento; na Secretaria Municipal de Educa\u00e7\u00e3o, Cultura, Turismo e Desporto, bem como da aquisi\u00e7\u00e3o de cesto a\u00e9reo para equipar ve\u00edculo de manuten\u00e7\u00e3o da Ilumina\u00e7\u00e3o P\u00fablica. Autor: Arlei Luis Tomazoni \u2013 Prefeito Municipal.\u00a0</a></p>\r\n<p style=\"text-align: justify; \">* APROVADO POR UNANIMIDADE</p>\r\n<hr />\r\n<p style=\"text-align: justify; \"><a class=\"external-link\" href=\"https://sapl.trespassos.rs.leg.br/materia/2014\" target=\"_self\" title=\"\">\u2705Projeto de Lei Ordin\u00e1ria n\u00ba 24 de 2022, Autoriza a abertura de cr\u00e9dito especial na Lei 5691/21, LOA para o exerc\u00edcio de 2022, no valor de R$ 1.125.000,00, para contabiliza\u00e7\u00e3o das despesas com a amplia\u00e7\u00e3o e reforma do Polo UAB. Autor: Arlei Luis Tomazoni \u2013 Prefeito Municipal</a></p>\r\n<p style=\"text-align: justify; \">* APROVADO POR UNANIMIDADE</p>\r\n<hr />\r\n<p style=\"text-align: justify; \"><a class=\"external-link\" href=\"https://sapl.trespassos.rs.leg.br/materia/2015\" target=\"_self\" title=\"\">\u2705Projeto de Lei Ordin\u00e1ria n\u00ba 25 de 2022, Autoriza a abertura de cr\u00e9dito especial na Lei 5691/21, LOA para o exerc\u00edcio de 2022, no montante de R$ 9.930.000,00.</a></p>\r\n<p style=\"text-align: justify; \"><a class=\"external-link\" href=\"https://sapl.trespassos.rs.leg.br/materia/2015\" target=\"_self\" title=\"\"><span>Ser\u00e3o suplementados com or\u00e7amento do superavit financeiro do exerc\u00edcio anterior as a\u00e7\u00f5es para aquisi\u00e7\u00e3o de materiais para manuten\u00e7\u00e3o e amplia\u00e7\u00e3o da ilumina\u00e7\u00e3o p\u00fablica, contrapartidas e obras de asfaltamento em vias p\u00fablicas, servi\u00e7os de cercamento eletr\u00f4nico e v\u00eddeo-monitoramento, na Secretaria Municipal de Obras e Via\u00e7\u00e3o; aquisi\u00e7\u00e3o de duas escavadeiras hidr\u00e1ulicas e constru\u00e7\u00e3o de pontes, na Secretaria Municipal de Transportes; aquisi\u00e7\u00e3o de material para ampliar o atrativo tur\u00edstico, na Secretaria Municipal de Educa\u00e7\u00e3o, Cultura, Turismo e Desporto; amplia\u00e7\u00e3o e manuten\u00e7\u00e3o dos servi\u00e7os de \u00e1gua, contrapartida para aquisi\u00e7\u00e3o de patrulha agr\u00edcola, execu\u00e7\u00e3o dos programas de incentivo, na Secretaria Municipal de Agricultura; obras na infraestrutura do Parque de Exposi\u00e7\u00f5es Egon Julio Goelzer, na Secretaria Municipal de Ind\u00fastria, Com\u00e9rcio e Servi\u00e7os.\u00a0</span>Autor: Arlei Luis Tomazoni \u2013 Prefeito Municipal</a></p>\r\n<p style=\"text-align: justify; \"><a class=\"external-link\" href=\"https://sapl.trespassos.rs.leg.br/materia/2045\" target=\"_self\" title=\"\">\u2705Emenda n\u00ba 3 de 2022- Emenda Modificativa ao projeto de lei n\u00ba 25, de 2022, que autoriza a abertura de cr\u00e9dito especial na Lei 5691/21, LOA para o exerc\u00edcio de 2022.</a></p>\r\n<p style=\"text-align: justify; \">\ud83d\udde3 Os vereadores que utilizaram o espa\u00e7o na discuss\u00e3o da mat\u00e9ria foram:Paulinho Sattler, Jair Locatelli, Evandro Mohr e Edivan Baron.</p>\r\n<p style=\"text-align: justify; \"><span>* APROVADO POR UNANIMIDADE O PROJETO DE LEI E A EMENDA MODIFICATIVA</span></p>\r\n<p style=\"text-align: justify; \"><span><br /></span></p>\r\n<h3><span>NA ORDEM DO DIA FORAM DISCUTIDAS PREVIAMENTE AS SEGUINTES PROPOSI\u00c7\u00d5ES:</span></h3>\r\n<p style=\"text-align: justify; \"><span><a class=\"external-link\" href=\"https://sapl.trespassos.rs.leg.br/materia/2032\" target=\"_self\" title=\"\">\u2705Projeto de Lei Ordin\u00e1ria n\u00ba 26 de 2022- Autoriza inclus\u00e3o de elementos de despesas e altera\u00e7\u00f5es na Lei 5.691/2021(LOA) exerc\u00edcio 2022.</a></span></p>\r\n<p style=\"text-align: justify; \"><a class=\"external-link\" href=\"https://sapl.trespassos.rs.leg.br/materia/2054\" target=\"_self\" title=\"\">\u2705Emenda n\u00ba 5 de 2022 - Emenda modi\ufb01cativa ao projeto de lei n\u00ba 26, de 2022, que autoriza inclus\u00e3o de elementos de despesas e altera\u00e7\u00f5es na Lei 5.691/2021(LOA) exerc\u00edcio 2022.\u00a0</a></p>\r\n<p style=\"text-align: justify; \"><span><a class=\"external-link\" href=\"https://sapl.trespassos.rs.leg.br/materia/2054\" target=\"_self\" title=\"\">A emenda tem por objetivo alterar a ementa do projeto de lei n\u00ba 26/22, substituindo o termo \u201cinclus\u00e3o de elementos de despesas e altera\u00e7\u00f5es\u201d por \u201cabertura de cr\u00e9dito suplementar\u201d conforme disposto na Orienta\u00e7\u00e3o T\u00e9cnica do IGAM n\u00ba 5.707/2022. Autora: COF - Comiss\u00e3o de Or\u00e7am, Finan\u00e7as e Infraestrutura Urbana e Rural</a></span></p>\r\n<p style=\"text-align: justify; \">\ud83d\udde3 Os vereadores que utilizaram o espa\u00e7o na discuss\u00e3o pr\u00e9via do projeto foram: Evandro Mohr e Paulinho Sattler.</p>\r\n<hr />\r\n<p style=\"text-align: justify; \"><a class=\"external-link\" href=\"https://sapl.trespassos.rs.leg.br/materia/2036\" target=\"_self\" title=\"\">\u2705Projeto de Lei Ordin\u00e1ria n\u00ba 28 de 2022- Autoriza inclus\u00e3o de elementos de despesas e altera\u00e7\u00f5es na Lei 5.691/2021(LOA) exerc\u00edcio 2022.</a></p>\r\n<p style=\"text-align: justify; \"><a class=\"external-link\" href=\"https://sapl.trespassos.rs.leg.br/materia/2055\" target=\"_self\" title=\"\">\u2705Emenda n\u00ba 6 de 2022 - Emenda modi\ufb01cativa ao projeto de lei n\u00ba 28, de 2022, que autoriza inclus\u00e3o de elementos de despesas e altera\u00e7\u00f5es na Lei 5.691/2021(LOA) exerc\u00edcio 2022.</a></p>\r\n<p style=\"text-align: justify; \"><span><a class=\"external-link\" href=\"https://sapl.trespassos.rs.leg.br/materia/2055\" target=\"_self\" title=\"\">A emenda tem por objetivo alterar a ementa do projeto de lei n\u00ba 28/22, substituindo o termo \u201cinclus\u00e3o de elementos de despesas e altera\u00e7\u00f5es\u201d por \u201cabertura de cr\u00e9dito especial\u201d conforme disposto na Orienta\u00e7\u00e3o T\u00e9cnica do IGAM n\u00ba 5.797/2022. Autora: COF - Comiss\u00e3o de Or\u00e7am, Finan\u00e7as e Infraestrutura Urbana e Rural</a></span></p>\r\n<p style=\"text-align: justify; \">\ud83d\udde3 O vereador que utilizou o espa\u00e7o na discuss\u00e3o pr\u00e9via do projeto foi: Jo\u00e3o Boll.</p>\r\n<hr />\r\n<p style=\"text-align: justify; \"><a class=\"external-link\" href=\"https://sapl.trespassos.rs.leg.br/materia/2041\" target=\"_self\" title=\"\">\u2705Projeto de Lei Ordin\u00e1ria n\u00ba 29 de 2022- Altera a Lei Municipal n\u00ba 5.490, de 27 de agosto de 2019, que cria o Plano de Classifica\u00e7\u00e3o de Cargos do Instituto de Previd\u00eancia do Servidor P\u00fablico do Munic\u00edpio de Tr\u00eas Passos - RS.</a></p>\r\n<p style=\"text-align: justify; \">\ud83d\udde3 Os vereadores que utilizaram o espa\u00e7o na discuss\u00e3o pr\u00e9via do projeto foram: Flavio Habitzreiter e Jo\u00e3o Boll.\u00a0</p>\r\n<hr />\r\n<p style=\"text-align: justify; \"><a class=\"external-link\" href=\"https://sapl.trespassos.rs.leg.br/materia/2031\" target=\"_self\" title=\"\">\u2705Projeto de Lei Legislativa n\u00ba 5 de 2022- Disp\u00f5e sobre a obrigatoriedade de expedi\u00e7\u00e3o de receitas m\u00e9dicas e odontol\u00f3gicas digitadas em computador e d\u00e1 outras provid\u00eancias.</a></p>\r\n<p style=\"text-align: justify; \">\ud83d\udde3 O vereador que utilizou o espa\u00e7o na discuss\u00e3o pr\u00e9via do projeto foi:\u00a0 Flavio Habitzreiter.\u00a0</p>\r\n<hr />\r\n<p style=\"text-align: justify; \"><a class=\"external-link\" href=\"https://sapl.trespassos.rs.leg.br/materia/2040\" target=\"_self\" title=\"\">\u2705Projeto de Resolu\u00e7\u00e3o n\u00ba 4 de 2022- Altera a Resolu\u00e7\u00e3o n\u00ba 006/03, que disp\u00f5e sobre o Regimento Interno da C\u00e2mara Municipal de Tr\u00eas Passos e d\u00e1 outras provid\u00eancias.</a></p>\r\n<p style=\"text-align: justify; \">\ud83d\udde3 Os vereadores que utilizaram o espa\u00e7o na discuss\u00e3o pr\u00e9via do projeto foram: Diego Maciel, Paulinho Sattler, Jair Locatelli e Gilmar Maier.</p>\r\n<p style=\"text-align: justify; \">\u00a0</p>\r\n<h3><span>*** RESUMO DAS PROPOSI\u00c7\u00d5ES LIDAS NO EXPEDIENTE***</span></h3>\r\n<p style=\"text-align: justify; \"><span><a class=\"external-link\" href=\"https://sapl.trespassos.rs.leg.br/materia/2046\" target=\"_self\" title=\"\">\u2705Projeto de Lei Ordin\u00e1ria n\u00ba 30 de 2022- Disp\u00f5e sobre a utiliza\u00e7\u00e3o de drones para \ufb01scaliza\u00e7\u00e3o ambiental no munic\u00edpio de Tr\u00eas Passos, viabilizando um novo m\u00e9todo de fiscaliza\u00e7\u00e3o e monitoramento de grandes \u00e1reas pela fiscaliza\u00e7\u00e3o ambiental, garantindo assim maior economia e controle na atua\u00e7\u00e3o dos servidores investidos no cargo de fiscaliza\u00e7\u00e3o ambiental, visto que o atual quadro de funcion\u00e1rios nesta \u00e1rea n\u00e3o \u00e9 suficiente para fiscalizar todos os locais de forma precisa.</a></span></p>\r\n<p style=\"text-align: justify; \"><span><a class=\"external-link\" href=\"https://sapl.trespassos.rs.leg.br/materia/2046\" target=\"_self\" title=\"\">Certamente o drone auxiliar\u00e1 nas diversas situa\u00e7\u00f5es de conflitos com a legisla\u00e7\u00e3o ambiental, principalmente, na medi\u00e7\u00e3o de \u00e1reas que sofreram interven\u00e7\u00f5es irregulares em locais de dif\u00edcil acesso, atrav\u00e9s de imagens em tempo real. Autor: Arlei Luis Tomazoni \u2013 Prefeito Municipal</a></span></p>\r\n<p style=\"text-align: justify; \">DESIGNA\u00c7\u00c3O DOS RELATORES NAS COMISS\u00d5ES PERMANENTES:</p>\r\n<p style=\"text-align: justify; \"><span>CCR: Diego Maciel</span></p>\r\n<p style=\"text-align: justify; \"><span>COF: Evandro Mohr\u00a0</span></p>\r\n<hr />\r\n<p style=\"text-align: justify; \"><a class=\"external-link\" href=\"https://sapl.trespassos.rs.leg.br/materia/2053\" target=\"_self\" title=\"\">\u2705Projeto de Lei Ordin\u00e1ria n\u00ba 31 de 2022- Autoriza o Poder Executivo Municipal a ceder servidor p\u00fablico para a 21\u00aa CRE \u2013 Coordenadoria Regional de Educa\u00e7\u00e3o.</a></p>\r\n<p style=\"text-align: justify; \"><span><a class=\"external-link\" href=\"https://sapl.trespassos.rs.leg.br/materia/2053\" target=\"_self\" title=\"\">O servidor \u00e9 integrante do quadro de funcion\u00e1rios do Magist\u00e9rio Municipal e ir\u00e1 atuar na Escola T\u00e9cnica Estadual Celeiro -ETEC, para desempenhar o cargo de diretor, vinculado \u00e0 21\u00aa CRE.</a></span></p>\r\n<p style=\"text-align: justify; \"><span><a class=\"external-link\" href=\"https://sapl.trespassos.rs.leg.br/materia/2053\" target=\"_self\" title=\"\">Trata-se de ced\u00eancia rec\u00edproca entre Estado e Munic\u00edpio, uma vez que em contrapartida, haver\u00e1 a ced\u00eancia de um professor da Rede Estadual, na \u00e1rea de Educa\u00e7\u00e3o F\u00edsica. Autor: Arlei Luis Tomazoni \u2013 Prefeito Municipal</a></span></p>\r\n<p style=\"text-align: justify; \">DESIGNA\u00c7\u00c3O DOS RELATORES NAS COMISS\u00d5ES PERMANENTES:</p>\r\n<p style=\"text-align: justify; \"><span>CCR: Diego Maciel</span></p>\r\n<p style=\"text-align: justify; \"><span>COF: Evandro Mohr\u00a0</span></p>\r\n<hr />\r\n<p style=\"text-align: justify; \"><a class=\"external-link\" href=\"https://sapl.trespassos.rs.leg.br/materia/2052\" target=\"_self\" title=\"\">\u2705Emenda n\u00ba 4 de 2022 - Emenda modi\ufb01cativa ao projeto de lei n\u00ba 92, de 2021, que autoriza o Poder Executivo a conceder o uso de im\u00f3vel para cultivo agr\u00edcola (\u00e1rea do aeroporto).</a></p>\r\n<p style=\"text-align: justify; \"><span><a class=\"external-link\" href=\"https://sapl.trespassos.rs.leg.br/materia/2052\" target=\"_self\" title=\"\">A emenda objetiva alterar o art. 5\u00ba do projeto, prevendo que haja mais de um cession\u00e1rio (agricultor) que possa cultivar a \u00e1rea de terras, j\u00e1 que o im\u00f3vel possui v\u00e1rias matr\u00edculas/transcri\u00e7\u00f5es, a fim de n\u00e3o beneficiar apenas um agricultor. Autor: Paulo Sattler</a></span></p>\r\n<p style=\"text-align: justify; \">DESIGNA\u00c7\u00c3O DOS RELATORES NAS COMISS\u00d5ES PERMANENTES:</p>\r\n<p style=\"text-align: justify; \"><span>CCR: Flavio Habitzreiter</span></p>\r\n<p style=\"text-align: justify; \"><span>COF: Jo\u00e3o Boll\u00a0</span></p>\r\n<p style=\"text-align: justify; \">\u00a0</p>\r\n<h3><span>** RESUMO DA INDICA\u00c7\u00c3O, PEDIDO DE INFORMA\u00c7\u00c3O E PEDIDOS DE PROVID\u00caNCIAS APRESENTADOS PELOS PARLAMENTARES***</span></h3>\r\n<p style=\"text-align: justify; \"><span><a class=\"external-link\" href=\"https://sapl.trespassos.rs.leg.br/materia/2048\" target=\"_self\" title=\"\">\u25b6\ufe0fIndica\u00e7\u00e3o n\u00ba 18 de 2022, Sugere que o Senhor Prefeito Municipal encaminhe mensagem reti\ufb01cativa a esta Casa, visando alterar o Projeto de Lei n\u00ba 92/2021 (arrendamento do\u00a0 aeroporto), permitindo que mais de uma pessoa explore o local, fazendo-se uma concess\u00e3o por matricula, e n\u00e3o uma concess\u00e3o de todas as matr\u00edculas juntas, como consta hoje no projeto.\u00a0</a></span></p>\r\n<p style=\"text-align: justify; \"><span><a class=\"external-link\" href=\"https://sapl.trespassos.rs.leg.br/materia/2048\" target=\"_self\" title=\"\">Autor: Paulo Sattler, com o apoio dos vereadores Diego Maciel, Edivan Baron, Flavio Habitzreiter, Gilmar Maier, Luis da Silva.</a></span></p>\r\n<p style=\"text-align: justify; \"><span><a class=\"external-link\" href=\"https://sapl.trespassos.rs.leg.br/materia/2056\" target=\"_self\" title=\"\">\u25b6\ufe0fPedido de Informa\u00e7\u00e3o n\u00ba 9 de 2022, Solicita que o Munic\u00edpio informe: 1) o custo total ao er\u00e1rio p\u00fablico (incluindo todos os encargos, f\u00e9rias, 13\u00ba, etc), no ano de 2021, com pagamento de: 1.a) de todos os cargos em comiss\u00e3o? 1.b) de todas os cargos pol\u00edticos (secret\u00e1rios municipais)? 1.c) de todas as fun\u00e7\u00f5es grati\ufb01cadas? 2) Quanto este gasto total representa em percentual em rela\u00e7\u00e3o ao custo da folha de pagamento com pessoal? 3) Qual o n\u00famero, no m\u00eas da resposta deste pedido, de: 3.a) de todos os cargos em comiss\u00e3o? 3.b) de todas os cargos pol\u00edticos (secret\u00e1rios municipais)? 3.c) de todas as fun\u00e7\u00f5es grati\ufb01cadas?</a></span></p>\r\n<p style=\"text-align: justify; \"><span><a class=\"external-link\" href=\"https://sapl.trespassos.rs.leg.br/materia/2056\" target=\"_self\" title=\"\">Autor: Diego Maciel, com o apoio dos vereadores Edivan Baron, Flavio Habitzreiter, Gilmar Maier, Luis da Silva, Paulo Sattler.</a></span></p>\r\n<p style=\"text-align: justify; \"><a class=\"external-link\" href=\"https://sapl.trespassos.rs.leg.br/materia/2047\" target=\"_self\" title=\"\">\u25b6\ufe0fPedido de Provid\u00eancias n\u00ba 43 de 2022, Solicita a instala\u00e7\u00e3o de quebra-molas na Rua Euz\u00e9bio de Queiroz, Bairro Gl\u00f3ria, em frente a casa do sargento Batista.\u00a0</a></p>\r\n<p style=\"text-align: justify; \"><span><a class=\"external-link\" href=\"https://sapl.trespassos.rs.leg.br/materia/2047\" target=\"_self\" title=\"\">Autor: Paulo Sattler, com o apoio dos vereadores Diego Maciel, Edivan Baron, Flavio Habitzreiter, Gilmar Maier, Luis da Silva.</a></span></p>\r\n<p style=\"text-align: justify; \"><span><a class=\"external-link\" href=\"https://sapl.trespassos.rs.leg.br/materia/2049\" target=\"_self\" title=\"\">\u25b6\ufe0fPedido de Provid\u00eancias n\u00ba 44 de 2022, Solicita a realiza\u00e7\u00e3o de melhorias no acesso da propriedade de Enio de Potter, na Linha Santo Ant\u00f4nio, viabilizando melhores condi\u00e7\u00f5es para escoa\u00e7\u00e3o da produ\u00e7\u00e3o de fumo.\u00a0</a></span></p>\r\n<p style=\"text-align: justify; \"><span><a class=\"external-link\" href=\"https://sapl.trespassos.rs.leg.br/materia/2049\" target=\"_self\" title=\"\">Autor: Flavio Habitzreiter, com o apoio dos vereadores Diego Maciel, Edivan Baron, Gilmar Maier, Luis da Silva, Paulo Sattler.</a></span></p>\r\n<p style=\"text-align: justify; \"><span><a class=\"external-link\" href=\"https://sapl.trespassos.rs.leg.br/materia/2050\" target=\"_self\" title=\"\">\u25b6\ufe0fPedido de Provid\u00eancias n\u00ba 45 de 2022, Solicita a realiza\u00e7\u00e3o de tapa buracos na Rua Tupi, Centro, para cobrir os buracos feitos pela CORSAN h\u00e1 semanas e que ainda n\u00e3o foram tampados.</a></span></p>\r\n<p style=\"text-align: justify; \"><span><a class=\"external-link\" href=\"https://sapl.trespassos.rs.leg.br/materia/2050\" target=\"_self\" title=\"\">Autor: Flavio Habitzreiter, com o apoio dos vereadores Diego Maciel, Edivan Baron, Gilmar Maier, Luis da Silva, Paulo Sattler.</a></span></p>\r\n<p style=\"text-align: justify; \"><span><a class=\"external-link\" href=\"https://sapl.trespassos.rs.leg.br/materia/2051\" target=\"_self\" title=\"\">\u25b6\ufe0fPedido de Provid\u00eancias n\u00ba 46 de 2022, Solicita a realiza\u00e7\u00e3o de melhorias como PATROLAMENTO da Linha S\u00e3o Francisco do Grenal at\u00e9 a divisa com Esperan\u00e7a do Sul.\u00a0</a></span></p>\r\n<p style=\"text-align: justify; \"><span><a class=\"external-link\" href=\"https://sapl.trespassos.rs.leg.br/materia/2051\" target=\"_self\" title=\"\">Autor: Flavio Habitzreiter, com o apoio dos vereadores Diego Maciel, Edivan Baron, Gilmar Maier, Luis da Silva, Paulo Sattler.</a></span></p>\r\n<p style=\"text-align: justify; \">\u00a0</p>\r\n<h3><span>*** INDICA\u00c7\u00c3O PARA COMISS\u00c3O ESPECIAL***</span></h3>\r\n<p style=\"text-align: justify; \"><span>Em atendimento ao art. 168 do Regimento Interno desta Casa, a Comiss\u00e3o Especial analisar\u00e1 e emitir\u00e1 parecer t\u00e9cnico em rela\u00e7\u00e3o \u00e0 Proposta de Emenda \u00e0 Lei Org\u00e2nica n\u00ba 1/22 - Altera o \u00a7 1\u00ba do art. 58 da Lei Org\u00e2nica do Munic\u00edpio de Tr\u00eas Passos, no sentido de reduzir de 30 para 15 dias o prazo para a resposta dos pedidos de informa\u00e7\u00e3o encaminhados pelos Vereadores ao Prefeito Municipal.\u00a0</span></p>\r\n<p style=\"text-align: justify; \"><span>Indica\u00e7\u00e3o dos representantes para fazerem parte da Comiss\u00e3o Especial:\u00a0</span></p>\r\n<p style=\"text-align: justify; \"><span>PSDB: Jair Locatelli</span></p>\r\n<p style=\"text-align: justify; \"><span>PTB: Flavio Habitzreiter</span></p>\r\n<p style=\"text-align: justify; \"><span>PT: Gilmar Maier</span></p>\r\n<p style=\"text-align: justify; \"><span><br /></span></p>\r\n<h3><span>*** GRANDE EXPEDIENTE E EXPLICA\u00c7\u00d5ES PESSOAIS***</span></h3>\r\n<p style=\"text-align: justify; \"><span>O espa\u00e7o do Grande Expediente foi ocupado pelos vereadores: Gilmar Maier, Evandro Mohr, Luis da Silva, Flavio Habitzreiter, Paulinho Sattler, Edivan Baron, Jo\u00e3o Boll, Jair Locatelli e Liane Konrad.</span></p>\r\n<p style=\"text-align: justify; \">Conforme acordado entre os parlamentares, o espa\u00e7o das Explica\u00e7\u00f5es Pessoais foi suprimido.</p>\r\n<p style=\"text-align: justify; \"><span><br /></span></p>\r\n<p style=\"text-align: justify; \"><span><br /></span></p>\r\n<p style=\"text-align: justify; \"><span>*Esta mat\u00e9ria \u00e9 uma publica\u00e7\u00e3o informativa. As informa\u00e7\u00f5es aqui contidas s\u00e3o resumidas para uma melhor adequa\u00e7\u00e3o do conte\u00fado ao site. Todas as mat\u00e9rias legislativas constantes da mesma poder\u00e3o ser consultadas em sua integralidade no endere\u00e7o:\u00a0 https://trespassos.rs.leg.br/processo-legislativo/sessoes-plenarias ou poder\u00e1 ser acessado o v\u00eddeo da sess\u00e3o atrav\u00e9s da p\u00e1gina do Facebook\u00a0 (https://www.facebook.com/CamaradeVereadoresdeTresPassos).</span></p>", "author_name": "", "version": "1.0", "author_url": "https://www.trespassos.rs.leg.br/author/Camara", "provider_name": "C\u00e2mara Municipal de Tr\u00eas Passos - RS", "type": "rich"}