{"provider_url": "https://www.trespassos.rs.leg.br", "title": "REALIZADA A 9\u00aa SESS\u00c3O ORDIN\u00c1RIA DE 2022", "html": "<p style=\"text-align: justify; \">Foi realizada nesta segunda-feira, 4 de Abril, a 9\u00aa Sess\u00e3o Ordin\u00e1ria da C\u00e2mara Municipal de Tr\u00eas Passos, no plen\u00e1rio do Legislativo, com transmiss\u00e3o ao vivo por meio da p\u00e1gina do Facebook da C\u00e2mara de Vereadores, simultaneamente pelo Canal do YouTube e posteriormente sendo transmitida pela R\u00e1dio Alto Uruguai 92.5FM.</p>\r\n<p style=\"text-align: justify; \"><span><br /></span></p>\r\n<h3><span>** POSSE DE VEREADORA SUPLENTE**</span></h3>\r\n<p style=\"text-align: justify; \"><span>A suplente de vereadora Nelita Francisca Real (PT) prestou o compromisso de posse e assinou o respectivo termo, assumindo assim a vaga da Bancada do PT, em fun\u00e7\u00e3o da licen\u00e7a do titular vereador Diego Maciel, que pediu afastamento para tratar assuntos de interesse particular, sem remunera\u00e7\u00e3o, pelo per\u00edodo de 04 a 25 de Abril de 2022.</span></p>\r\n<p style=\"text-align: justify; \"><span><br /></span></p>\r\n<h3><span>*** NA ORDEM DO DIA FORAM VOTADAS AS SEGUINTES PROPOSI\u00c7\u00d5ES***</span></h3>\r\n<p style=\"text-align: justify; \"><span><a class=\"external-link\" href=\"https://sapl.trespassos.rs.leg.br/materia/2044\" target=\"_self\" title=\"\">\u2705Proposta de Emenda \u00e0 Lei Org\u00e2nica n\u00ba 1 de 2022- Altera o \u00a7 1\u00ba do art. 58 da Lei Org\u00e2nica do Munic\u00edpio de Tr\u00eas Passos, no sentido de reduzir de 30 para 15 dias o prazo para a resposta dos pedidos de informa\u00e7\u00e3o encaminhados pelos Vereadores ao Prefeito Municipal. Autor: Vereadores Edivan N. Baron, Gilmar Maier e Paulo G. Sattler \u2013 Mesa Diretora</a></span></p>\r\n<p style=\"text-align: justify; \">\ud83d\udde3 Os vereadores que utilizaram o espa\u00e7o na discuss\u00e3o da mat\u00e9ria foram: Paulinho Sattler, Edivan Baron, Jair Locatelli e Flavio Habitzreiter.</p>\r\n<p style=\"text-align: justify; \"><span>* EM PRIMEIRO TURNO, A PROPOSI\u00c7\u00c3O N\u00c3O FOI APROVADA, POIS HOUVE EMPATE NA VOTA\u00c7\u00c3O, COM 5 VOTOS FAVOR\u00c1VEIS E 5 VOTOS CONTR\u00c1RIOS.</span></p>\r\n<p style=\"text-align: justify; \"><span>DESTA FORMA, A PROPOSI\u00c7\u00c3O N\u00c3O IR\u00c1 \u00c0 VOTA\u00c7\u00c3O EM SEGUNDO TURNO, POIS NECESSITA DE, NO M\u00cdNIMO, 8 VOTOS FAVOR\u00c1VEIS EM CADA TURNO DE VOTA\u00c7\u00c3O, PARA SER APROVADA.</span></p>\r\n<hr />\r\n<p style=\"text-align: justify; \"><a class=\"external-link\" href=\"https://sapl.trespassos.rs.leg.br/materia/2032\" target=\"_self\" title=\"\">\u2705Projeto de Lei Ordin\u00e1ria n\u00ba 26 de 2022- Autoriza inclus\u00e3o de elementos de despesas e altera\u00e7\u00f5es na Lei 5.691/2021(LOA) exerc\u00edcio 2022.\u00a0</a></p>\r\n<p style=\"text-align: justify; \"><span><a class=\"external-link\" href=\"https://sapl.trespassos.rs.leg.br/materia/2032\" target=\"_self\" title=\"\">Prev\u00ea a abertura de cr\u00e9dito suplementar no or\u00e7amento vigente no valor de R$ 900.337,50, para execu\u00e7\u00e3o das emendas individuais e de bancada (or\u00e7amento impositivo), nas \u00e1reas de ilumina\u00e7\u00e3o p\u00fablica; implanta\u00e7\u00e3o de sistemas de abastecimento de \u00e1gua; incentivo \u00e0 produ\u00e7\u00e3o e distribui\u00e7\u00e3o de alimentos de origem animal, atrav\u00e9s de subven\u00e7\u00e3o econ\u00f4mica; apoio a agroind\u00fastrias; constru\u00e7\u00e3o de pista de atletismo, pista de skate e infraestrutura esportiva; manuten\u00e7\u00e3o de a\u00e7\u00f5es especializadas de sa\u00fade de m\u00e9dia e alta complexidade \u2013 CAPS; manuten\u00e7\u00e3o de servi\u00e7os de m\u00e9dia e alta complexidade. Autor: Arlei Luis Tomazoni \u2013 Prefeito Municipal</a></span></p>\r\n<p style=\"text-align: justify; \"><a class=\"external-link\" href=\"https://sapl.trespassos.rs.leg.br/materia/2054\" target=\"_self\" title=\"\">\u2705Emenda n\u00ba 5 de 2022 - Emenda modificativa ao projeto de lei n\u00ba 26, de 2022, que autoriza inclus\u00e3o de elementos de despesas e altera\u00e7\u00f5es na Lei 5.691/2021(LOA) exerc\u00edcio 2022.</a></p>\r\n<p style=\"text-align: justify; \">\ud83d\udde3 Os vereadores que utilizaram o espa\u00e7o na discuss\u00e3o da mat\u00e9ria foram: Paulinho Sattler, Jair Locatelli e Nelita Real</p>\r\n<p style=\"text-align: justify; \"><span>* APROVADO POR UNANIMIDADE O PROJETO DE LEI E A EMENDA MODIFICATIVA</span></p>\r\n<hr />\r\n<p style=\"text-align: justify; \"><a class=\"external-link\" href=\"https://sapl.trespassos.rs.leg.br/materia/2036\" target=\"_self\" title=\"\">\u2705Projeto de Lei Ordin\u00e1ria n\u00ba 28 de 2022- Autoriza inclus\u00e3o de elementos de despesas e altera\u00e7\u00f5es na Lei 5.691/2021(LOA) exerc\u00edcio 2022.\u00a0</a></p>\r\n<p style=\"text-align: justify; \"><span><a class=\"external-link\" href=\"https://sapl.trespassos.rs.leg.br/materia/2036\" target=\"_self\" title=\"\">Abre cr\u00e9dito especial no or\u00e7amento vigente no valor de R$ 35.000,00, para contabiliza\u00e7\u00e3o do valor\u00a0 recebido do Governo do Estado atrav\u00e9s do Termo de Conv\u00eanio FPE n\u00ba 690-2022 \u2013 Projeto Melhores Amigos. Autor: Arlei Luis Tomazoni \u2013 Prefeito Municipal</a></span></p>\r\n<p style=\"text-align: justify; \"><a class=\"external-link\" href=\"https://sapl.trespassos.rs.leg.br/materia/2055\" target=\"_self\" title=\"\">\u2705Emenda n\u00ba 6 de 2022 - Emenda modificativa ao projeto de lei n\u00ba 28, de 2022, que autoriza inclus\u00e3o de elementos de despesas e altera\u00e7\u00f5es na Lei 5.691/2021(LOA) exerc\u00edcio 2022.</a></p>\r\n<p style=\"text-align: justify; \">* APROVADO POR UNANIMIDADE O PROJETO DE LEI E A EMENDA MODIFICATIVA</p>\r\n<hr />\r\n<p style=\"text-align: justify; \"><a class=\"external-link\" href=\"https://sapl.trespassos.rs.leg.br/materia/2041\" target=\"_self\" title=\"\">\u2705Projeto de Lei Ordin\u00e1ria n\u00ba 29 de 2022- Altera a Lei Municipal n\u00ba 5.490, de 27 de agosto de 2019, que cria o Plano de Classi\ufb01ca\u00e7\u00e3o de Cargos do Instituto de Previd\u00eancia do Servidor P\u00fablico do Munic\u00edpio de Tr\u00eas Passos - RS.\u00a0</a></p>\r\n<p style=\"text-align: justify; \"><span><a class=\"external-link\" href=\"https://sapl.trespassos.rs.leg.br/materia/2041\" target=\"_self\" title=\"\">A altera\u00e7\u00e3o \u00e9 no sentido de corrigir uma disson\u00e2ncia entre os padr\u00f5es salariais do IPSTP e dos demais servidores p\u00fablicos municipais, uma vez que os padr\u00f5es remetidos aos servidores do Instituto de Previd\u00eancia s\u00e3o menores que os padr\u00f5es dos servidores da Prefeitura.\u00a0 Autor: Arlei Luis Tomazoni \u2013 Prefeito Municipal</a></span></p>\r\n<p style=\"text-align: justify; \">\ud83d\udde3 Os vereadores que utilizaram o espa\u00e7o na discuss\u00e3o da mat\u00e9ria foram: Paulinho Satter e Nelita Real.</p>\r\n<p style=\"text-align: justify; \"><span>* APROVADO POR UNANIMIDADE</span></p>\r\n<hr />\r\n<p style=\"text-align: justify; \"><a class=\"external-link\" href=\"https://sapl.trespassos.rs.leg.br/materia/2031\" target=\"_self\" title=\"\">\u2705Projeto de Lei Legislativa n\u00ba 5 de 2022- Disp\u00f5e sobre a obrigatoriedade de expedi\u00e7\u00e3o de receitas m\u00e9dicas e odontol\u00f3gicas digitadas em computador, a fim de garantir que as pessoas saibam dizer o que lhes foi prescrito, pois muitas vezes t\u00eam dificuldade em entender a letra do m\u00e9dico no receitu\u00e1rio.\u00a0 Autor: Flavio Habitzreiter</a></p>\r\n<p style=\"text-align: justify; \">* APROVADO POR UNANIMIDADE</p>\r\n<hr />\r\n<p style=\"text-align: justify; \"><a class=\"external-link\" href=\"https://sapl.trespassos.rs.leg.br/materia/2040\" target=\"_self\" title=\"\">\u2705Projeto de Resolu\u00e7\u00e3o n\u00ba 4 de 2022- Altera a Resolu\u00e7\u00e3o n\u00ba 006/03, que disp\u00f5e sobre o Regimento Interno da C\u00e2mara Municipal de Tr\u00eas Passos, no sentido de reduzir de 30 para 15 dias o prazo para a resposta dos pedidos de informa\u00e7\u00e3o encaminhados pelos Vereadores ao Prefeito Municipal, em conson\u00e2ncia com a proposta de emenda \u00e0 Lei Org\u00e2nica n\u00ba 1/22. Autor: Vereadores Edivan N. Baron, Gilmar Maier e Paulo G. Sattler - Mesa Diretora</a></p>\r\n<p style=\"text-align: justify; \">\ud83d\udde3 Os vereadores que utilizaram o espa\u00e7o na discuss\u00e3o da mat\u00e9ria foram: Paulinho Sattler e Evandro Mohr</p>\r\n<p style=\"text-align: justify; \"><span>* PROPOSI\u00c7\u00c3O REJEITADA EM PLEN\u00c1RIO POR MAIORIA SIMPLES, COM 5 VOTOS CONTR\u00c1RIOS E 4 VOTOS FAVOR\u00c1VEIS.</span></p>\r\n<p style=\"text-align: justify; \">\u00a0</p>\r\n<h3><span>NA ORDEM DO DIA FORAM DISCUTIDAS PREVIAMENTE AS SEGUINTES PROPOSI\u00c7\u00d5ES:</span></h3>\r\n<p style=\"text-align: justify; \"><span><a class=\"external-link\" href=\"https://sapl.trespassos.rs.leg.br/materia/2038\" target=\"_self\" title=\"\">\u2705Projeto de Lei Ordin\u00e1ria n\u00ba 8 de 2022- Cria o Fundo Municipal do Servi\u00e7o de Inspe\u00e7\u00e3o Municipal (FUNSIM) do munic\u00edpio de Tr\u00eas Passos, que tem por finalidade assegurar meios para promo\u00e7\u00e3o, desenvolvimento, implanta\u00e7\u00e3o, manuten\u00e7\u00e3o, equipamentos, aparelhamento, capacita\u00e7\u00e3o, estudo, pesquisa, programas, projetos, servi\u00e7os e a\u00e7\u00f5es voltadas ao desenvolvimento do Servi\u00e7o de Inspe\u00e7\u00e3o Municipal de Tr\u00eas Passos SIM/TP, com recursos do valor das multas aplicadas. Autor: Arlei Luis Tomazoni \u2013 Prefeito Municipal</a></span></p>\r\n<p style=\"text-align: justify; \">\ud83d\udde3 Os vereadores que utilizaram o espa\u00e7o na discuss\u00e3o pr\u00e9via do projeto foram: Jair Locatelli e Evandro Mohr</p>\r\n<hr />\r\n<p style=\"text-align: justify; \"><a class=\"external-link\" href=\"https://sapl.trespassos.rs.leg.br/materia/2039\" target=\"_self\" title=\"\">\u2705Projeto de Lei Ordin\u00e1ria n\u00ba 27 de 2022- Autoriza inclus\u00e3o de elementos\u00a0 de despesas e altera\u00e7\u00f5es na Lei 5.691/2021(LOA) exerc\u00edcio 2022.\u00a0</a></p>\r\n<p style=\"text-align: justify; \"><span><a class=\"external-link\" href=\"https://sapl.trespassos.rs.leg.br/materia/2039\" target=\"_self\" title=\"\">Abre cr\u00e9dito especial no or\u00e7amento vigente no valor de R$ 9.500,00, para contabiliza\u00e7\u00e3o das despesas com a manuten\u00e7\u00e3o do Fundo Municipal do Servi\u00e7o de Inspe\u00e7\u00e3o Municipal (FUNSIM). Autor: Arlei Luis Tomazoni \u2013 Prefeito Municipal</a></span></p>\r\n<p style=\"text-align: justify; \"><a class=\"external-link\" href=\"https://sapl.trespassos.rs.leg.br/materia/2078\" target=\"_self\" title=\"\">\u2705Emenda n\u00ba 7 de 2022 - Emenda modi\ufb01cativa ao projeto de lei n\u00ba 27, de 2022, que autoriza inclus\u00e3o de elementos de despesas e altera\u00e7\u00f5es na Lei 5.691/2021(LOA) exerc\u00edcio 2022.</a></p>\r\n<p style=\"text-align: justify; \"><span><a class=\"external-link\" href=\"https://sapl.trespassos.rs.leg.br/materia/2078\" target=\"_self\" title=\"\">A modifica\u00e7\u00e3o se refere \u00e0 ementa do projeto de lei, com base na orienta\u00e7\u00e3o t\u00e9cnica, passando a dispor da seguinte forma: Autoriza a abertura de cr\u00e9dito especial na Lei 5691/21, LOA para o exerc\u00edcio de 2022. Autora: COF - Comiss\u00e3o de Or\u00e7am, Finan\u00e7as e Infraestrutura Urbana e Rural</a></span></p>\r\n<p style=\"text-align: justify; \">\ud83d\udde3 O vereador que utilizou o espa\u00e7o na discuss\u00e3o pr\u00e9via do projeto foi: Jo\u00e3o Boll.</p>\r\n<hr />\r\n<p style=\"text-align: justify; \"><a class=\"external-link\" href=\"https://sapl.trespassos.rs.leg.br/materia/2046\" target=\"_self\" title=\"\">\u2705Projeto de Lei Ordin\u00e1ria n\u00ba 30 de 2022- Disp\u00f5e sobre a utiliza\u00e7\u00e3o de drones para \ufb01scaliza\u00e7\u00e3o ambiental no munic\u00edpio de Tr\u00eas Passos, viabilizando um novo m\u00e9todo de fiscaliza\u00e7\u00e3o e monitoramento de grandes \u00e1reas pela fiscaliza\u00e7\u00e3o ambiental, garantindo assim maior economia e controle na atua\u00e7\u00e3o dos servidores investidos no cargo de fiscaliza\u00e7\u00e3o ambiental, visto que o atual quadro de funcion\u00e1rios nesta \u00e1rea n\u00e3o \u00e9 suficiente para fiscalizar todos os locais de forma precisa.</a></p>\r\n<p style=\"text-align: justify; \"><span><a class=\"external-link\" href=\"https://sapl.trespassos.rs.leg.br/materia/2046\" target=\"_self\" title=\"\">Certamente o drone auxiliar\u00e1 nas diversas situa\u00e7\u00f5es de conflitos com a legisla\u00e7\u00e3o ambiental, principalmente, na medi\u00e7\u00e3o de \u00e1reas que sofreram interven\u00e7\u00f5es irregulares em locais de dif\u00edcil acesso, atrav\u00e9s de imagens em tempo real. Autor: Arlei Luis Tomazoni \u2013 Prefeito Municipal</a></span></p>\r\n<p style=\"text-align: justify; \">\ud83d\udde3 Os vereadores que utilizaram o espa\u00e7o na discuss\u00e3o pr\u00e9via do projeto foram: Evandro Mohr, Jair Locatelli e Paulinho Sattler.</p>\r\n<hr />\r\n<p style=\"text-align: justify; \"><a class=\"external-link\" href=\"https://sapl.trespassos.rs.leg.br/materia/2053\" target=\"_self\" title=\"\">\u2705Projeto de Lei Ordin\u00e1ria n\u00ba 31 de 2022- Autoriza o Poder Executivo Municipal a ceder servidor p\u00fablico para a 21\u00aa CRE \u2013 Coordenadoria Regional de Educa\u00e7\u00e3o.</a></p>\r\n<p style=\"text-align: justify; \"><span><a class=\"external-link\" href=\"https://sapl.trespassos.rs.leg.br/materia/2053\" target=\"_self\" title=\"\">O servidor \u00e9 integrante do quadro de funcion\u00e1rios do Magist\u00e9rio Municipal e ir\u00e1 atuar na Escola T\u00e9cnica Estadual Celeiro -ETEC, para desempenhar o cargo de diretor, vinculado \u00e0 21\u00aa CRE.</a></span></p>\r\n<p style=\"text-align: justify; \"><span><a class=\"external-link\" href=\"https://sapl.trespassos.rs.leg.br/materia/2053\" target=\"_self\" title=\"\">Trata-se de ced\u00eancia rec\u00edproca entre Estado e Munic\u00edpio, uma vez que em contrapartida, haver\u00e1 a ced\u00eancia de um professor da Rede Estadual, na \u00e1rea de Educa\u00e7\u00e3o F\u00edsica. Autor: Arlei Luis Tomazoni \u2013 Prefeito Municipal</a></span></p>\r\n<p style=\"text-align: justify; \">\ud83d\udde3 Os vereadores que utilizaram o espa\u00e7o na discuss\u00e3o pr\u00e9via do projeto foram: Evandro Mohr, Edivan Baron e Paulinho Sattler.</p>\r\n<p style=\"text-align: justify; \"><span><br /></span></p>\r\n<h3><span>\u00a0</span>*** RESUMO DAS PROPOSI\u00c7\u00d5ES LIDAS NO EXPEDIENTE***</h3>\r\n<p style=\"text-align: justify; \"><span><a class=\"external-link\" href=\"https://sapl.trespassos.rs.leg.br/materia/2059\" target=\"_self\" title=\"\">\u2705Veto n\u00ba 3 de 2022- Veto total ao projeto de lei legislativa n\u00ba 1, de 2022, que cria o Banco Municipal de Materiais Ortop\u00e9dicos no Munic\u00edpio de Tr\u00eas Passos/RS.</a></span></p>\r\n<p style=\"text-align: justify; \"><span><a class=\"external-link\" href=\"https://sapl.trespassos.rs.leg.br/materia/2059\" target=\"_self\" title=\"\">O Veto \u00e9 pela inconstitucionalidade, por v\u00edcio de iniciativa, pelo fato de o projeto de lei criar procedimentos de natureza administrativa de compet\u00eancia exclusiva do Poder Executivo. Autor: Arlei Luis Tomazoni \u2013 Prefeito Municipal</a></span></p>\r\n<p style=\"text-align: justify; \">DESIGNA\u00c7\u00c3O DO RELATOR NA COMISS\u00c3O DE CONSTITUI\u00c7\u00c3O, REDA\u00c7\u00c3O E BEM-ESTAR SOCIAL</p>\r\n<p style=\"text-align: justify; \"><span>CCR: Luis da Silva</span></p>\r\n<hr />\r\n<p style=\"text-align: justify; \"><a class=\"external-link\" href=\"https://sapl.trespassos.rs.leg.br/materia/2060\" target=\"_self\" title=\"\">\u2705Veto n\u00ba 4 de 2022 - Veto total ao projeto de lei legislativa n\u00ba 2, de 2022, que disp\u00f5e sobre a disponibiliza\u00e7\u00e3o e identifica\u00e7\u00e3o de brinquedos adaptados para crian\u00e7as com defici\u00eancia, inclusive visual, ou com mobilidade reduzida em espa\u00e7os p\u00fablicos municipais de Tr\u00eas Passos/RS.</a></p>\r\n<p style=\"text-align: justify; \"><span><a class=\"external-link\" href=\"https://sapl.trespassos.rs.leg.br/materia/2060\" target=\"_self\" title=\"\">O Veto \u00e9 pela inconstitucionalidade, por v\u00edcio de iniciativa, pelo fato de o projeto de lei dispor sobre a organiza\u00e7\u00e3o e funcionamento dos servi\u00e7os da administra\u00e7\u00e3o p\u00fablica municipal. Autor: Arlei Luis Tomazoni \u2013 Prefeito Municipal</a></span></p>\r\n<p style=\"text-align: justify; \">DESIGNA\u00c7\u00c3O DO RELATOR NA COMISS\u00c3O DE CONSTITUI\u00c7\u00c3O, REDA\u00c7\u00c3O E BEM-ESTAR SOCIAL</p>\r\n<p style=\"text-align: justify; \"><span>CCR: Luis da Silva</span></p>\r\n<hr />\r\n<p style=\"text-align: justify; \"><a class=\"external-link\" href=\"https://sapl.trespassos.rs.leg.br/materia/2061\" target=\"_self\" title=\"\">\u2705Veto n\u00ba 5 de 2022- Veto total ao projeto de lei legislativa n\u00ba 3, de 2022, que disp\u00f5e sobre a instala\u00e7\u00e3o de c\u00e2meras de monitoramento de seguran\u00e7a nas escolas p\u00fablicas municipais e cercanias.</a></p>\r\n<p style=\"text-align: justify; \"><span><a class=\"external-link\" href=\"https://sapl.trespassos.rs.leg.br/materia/2061\" target=\"_self\" title=\"\">O Veto \u00e9 pela inconstitucionalidade, por v\u00edcio de iniciativa, pelo fato de o projeto de lei adentrar em seara de execu\u00e7\u00e3o administrativa, incluindo a gera\u00e7\u00e3o de despesas incompat\u00edveis com a previs\u00e3o or\u00e7ament\u00e1ria. Autor: Arlei Luis Tomazoni \u2013 Prefeito Municipal</a></span></p>\r\n<p style=\"text-align: justify; \">DESIGNA\u00c7\u00c3O DO RELATOR NA COMISS\u00c3O DE CONSTITUI\u00c7\u00c3O, REDA\u00c7\u00c3O E BEM-ESTAR SOCIAL</p>\r\n<p style=\"text-align: justify; \"><span>CCR: Luis da Silva</span></p>\r\n<hr />\r\n<p style=\"text-align: justify; \"><a class=\"external-link\" href=\"https://sapl.trespassos.rs.leg.br/materia/2072\" target=\"_self\" title=\"\">\u2705Projeto de Lei Ordin\u00e1ria n\u00ba 17 de 2022 - Altera a Lei 5.496, de 17 de setembro de 2019, que disp\u00f5e sobre a estrutura administrativa do Munic\u00edpio de Tr\u00eas Passos.</a></p>\r\n<p style=\"text-align: justify; \"><span><a class=\"external-link\" href=\"https://sapl.trespassos.rs.leg.br/materia/2072\" target=\"_self\" title=\"\">As altera\u00e7\u00f5es s\u00e3o no sentido de incluir o Cargo de Diretor de Tr\u00e2nsito, que ser\u00e1 ocupado por servidor que ora ocupa cargo de Diretor de Servi\u00e7os Urbanos, o qual ficar\u00e1 extinto a partir de ent\u00e3o; tamb\u00e9m ser\u00e1 extinto o Cargo de Supervisor Geral de Tr\u00e2nsito e criado o cargo de Supervisor Geral de Sinaliza\u00e7\u00e3o Vi\u00e1ria; ainda, diminui-se o n\u00famero de vagas de Supervisor para aumentar a remunera\u00e7\u00e3o dos demais.</a></span></p>\r\n<p style=\"text-align: justify; \"><span><a class=\"external-link\" href=\"https://sapl.trespassos.rs.leg.br/materia/2072\" target=\"_self\" title=\"\">O objetivo \u00e9 regularizar a Junta Administrativa de Recursos de Infra\u00e7\u00f5es - JARI e o funcionamento da Divis\u00e3o de Tr\u00e2nsito, onde as Leis Federais, Estaduais e Municipais direcionam a responsabilidade do tr\u00e2nsito para o Diretor de Tr\u00e2nsito.</a></span></p>\r\n<p style=\"text-align: justify; \"><span><a class=\"external-link\" href=\"https://sapl.trespassos.rs.leg.br/materia/2072\" target=\"_self\" title=\"\">Ainda, prop\u00f5e-se a extin\u00e7\u00e3o do Cargo se Supervisor de Servi\u00e7os de Recupera\u00e7\u00e3o e Pavimenta\u00e7\u00e3o, para reajustar a remunera\u00e7\u00e3o dos demais Supervisores, assim diminui-se de cinco para quatro o n\u00famero de vagas e amplia-se a remunera\u00e7\u00e3o. Autor: Arlei Luis Tomazoni \u2013 Prefeito Municipal</a></span></p>\r\n<p style=\"text-align: justify; \">DESIGNA\u00c7\u00c3O DOS RELATORES NAS COMISS\u00d5ES PERMANENTES:</p>\r\n<p style=\"text-align: justify; \"><span>CCR: Gilmar Maier</span></p>\r\n<p style=\"text-align: justify; \"><span>COF: Evandro Mohr</span></p>\r\n<hr />\r\n<p style=\"text-align: justify; \"><a class=\"external-link\" href=\"https://sapl.trespassos.rs.leg.br/materia/2073\" target=\"_self\" title=\"\">\u2705Projeto de Lei Ordin\u00e1ria n\u00ba 32 de 2022 - Autoriza o Poder Executivo proceder na contrata\u00e7\u00e3o emergencial de at\u00e9 dois enfermeiros, com carga hor\u00e1ria de 40 horas semanais, utilizando-se a fila de espera do processo seletivo 062/2021, para atuarem na ESF Pindorama e na Unidade de Sa\u00fade Prisional. Autor: Arlei Luis Tomazoni \u2013 Prefeito Municipal</a></p>\r\n<p style=\"text-align: justify; \">DESIGNA\u00c7\u00c3O DOS RELATORES NAS COMISS\u00d5ES PERMANENTES:</p>\r\n<p style=\"text-align: justify; \"><span>CCR: Gilmar Maier</span></p>\r\n<p style=\"text-align: justify; \"><span>COF: Jo\u00e3o Boll</span></p>\r\n<hr />\r\n<p style=\"text-align: justify; \"><a class=\"external-link\" href=\"https://sapl.trespassos.rs.leg.br/materia/2074\" target=\"_self\" title=\"\">\u2705Projeto de Lei Ordin\u00e1ria n\u00ba 33 de 2022- Estabelece reajuste salarial aos servidores municipais ativos, estatut\u00e1rios, celetistas, contratados emergencialmente, cargos em comiss\u00e3o, aposentados com direito \u00e0 paridade, pensionistas com direito \u00e0 paridade, conselheiros tutelares, estagi\u00e1rios, Servidores do IPSTP, Agentes Comunit\u00e1rios de Sa\u00fade, Agentes de Endemias e Magist\u00e9rio P\u00fablico Municipal.</a></p>\r\n<p style=\"text-align: justify; \"><span><a class=\"external-link\" href=\"https://sapl.trespassos.rs.leg.br/materia/2074\" target=\"_self\" title=\"\">O percentual de reajuste ser\u00e1 de 6%, cuja data base \u00e9 1\u00ba de abril, e tem por objetivo conceder a reposi\u00e7\u00e3o da varia\u00e7\u00e3o inflacion\u00e1ria referente ao ano de 2020/2021. Autor: Arlei Luis Tomazoni \u2013 Prefeito Municipal</a></span></p>\r\n<p style=\"text-align: justify; \">DESIGNA\u00c7\u00c3O DOS RELATORES NAS COMISS\u00d5ES PERMANENTES:</p>\r\n<p style=\"text-align: justify; \"><span>CCR: Gilmar Maier</span></p>\r\n<p style=\"text-align: justify; \"><span>COF: Evandro Mohr</span></p>\r\n<hr />\r\n<p style=\"text-align: justify; \"><a class=\"external-link\" href=\"https://sapl.trespassos.rs.leg.br/materia/2077\" target=\"_self\" title=\"\">\u2705Projeto de Lei Legislativa n\u00ba 6 de 2022- Denomina a pra\u00e7a localizada no Bairro \u00c9rico Ver\u00edssimo, ao lado da EMEI Elso Paulo Severnini, de Pra\u00e7a Edmundo Hoppe. Autor: Jo\u00e3o Boll</a></p>\r\n<p style=\"text-align: justify; \">DESIGNA\u00c7\u00c3O DOS RELATORES NAS COMISS\u00d5ES PERMANENTES:</p>\r\n<p style=\"text-align: justify; \"><span>CCR: Luis da Silva</span></p>\r\n<p style=\"text-align: justify; \"><span>COF: Jo\u00e3o Boll</span></p>\r\n<p style=\"text-align: justify; \"><span><br /></span></p>\r\n<h3><span>** RESUMO DOS REQUERIMENTOS, INDICA\u00c7\u00d5ES, PEDIDOS DE INFORMA\u00c7\u00d5ES E PEDIDOS DE\u00a0 PROVID\u00caNCIAS APRESENTADOS PELOS PARLAMENTARES***</span></h3>\r\n<p style=\"text-align: justify; \"><span><a class=\"external-link\" href=\"https://sapl.trespassos.rs.leg.br/materia/2063\" target=\"_self\" title=\"\">\u25b6\ufe0fRequerimento n\u00ba 8 de 2022, Requer licen\u00e7a para tratar de assuntos de interesse particular, sem remunera\u00e7\u00e3o, na forma do art. 20, inciso II, do Regimento Interno da C\u00e2mara Municipal, no per\u00edodo de 4 a 25 de abril de 2022.\u00a0</a></span><a class=\"external-link\" href=\"https://sapl.trespassos.rs.leg.br/materia/2063\" target=\"_self\" title=\"\">Autor: Diego Maciel</a></p>\r\n<p style=\"text-align: justify; \"><a class=\"external-link\" href=\"https://sapl.trespassos.rs.leg.br/materia/2071\" target=\"_self\" title=\"\">\u25b6\ufe0fRequerimento n\u00ba 9 de 2022, Requer a apresenta\u00e7\u00e3o de MO\u00c7\u00c3O DE REP\u00daDIO \u00e0 SEDUC, \u00e0 21\u00aa Coordenadoria de Educa\u00e7\u00e3o e ao Governado do Estado, em face da modi\ufb01ca\u00e7\u00e3o do contraturno da rede estadual de ensino, pois conforme determina\u00e7\u00e3o da SEDUC, o contraturno seria exclu\u00eddo e, em contrapartida, os alunos passariam a ter aula por 6h seguidas. Autor: Paulo Sattler, com o apoio dos vereadores Diego Maciel, Edivan Baron, Evandro Mohr, Flavio Habitzreiter, Gilmar Maier e Luis da Silva.</a></p>\r\n<p style=\"text-align: justify; \"><span><a class=\"external-link\" href=\"https://sapl.trespassos.rs.leg.br/materia/2071\" target=\"_self\" title=\"\">* APROVADO POR UNANIMIDADE</a></span></p>\r\n<p style=\"text-align: justify; \"><a class=\"external-link\" href=\"https://sapl.trespassos.rs.leg.br/materia/2058\" target=\"_self\" title=\"\"><span>\u25b6\ufe0fIndica\u00e7\u00e3o n\u00ba 19 de 2022, Sugere a denomina\u00e7\u00e3o do Complexo Industrial 3 de Complexo Industrial Arlindo Bertoldo Granich.\u00a0</span>Autoar: Liane Konrad, com o apoio dos vereadores Evandro Mohr, Ingomar Sandtner, Jair Locatelli e Jo\u00e3o Boll.</a></p>\r\n<p style=\"text-align: justify; \"><a class=\"external-link\" href=\"https://sapl.trespassos.rs.leg.br/materia/2070\" target=\"_self\" title=\"\"><span>\u25b6\ufe0fIndica\u00e7\u00e3o n\u00ba 20 de 2022, Indica ao Prefeito que encaminhe Projeto de Lei a fim de alterar as leis que tratam dos programas de incentivo da agricultura nas \u00e1reas de avicultura (Lei n\u00ba 5.681/21), suinocultura (Lei n\u00ba 5.680/21), bovinocultura (Leis n\u00ba 5.633/21), etc, visando permitir que os servi\u00e7os de hora-m\u00e1quina ofertados nas referidas leis n\u00e3o sejam restritos apenas a terraplanagem, constru\u00e7\u00f5es ou amplia\u00e7\u00e3o, mas que permitam, tamb\u00e9m a constru\u00e7\u00e3o de bebedouros, a\u00e7udes aberturas de vala e encanamento dentro das propriedades, auxiliando assim, e diminuir os problemas de escassez de \u00e1gua.\u00a0</span>Autor: Paulo Sattler, com o apoio dos vereadores Diego Maciel, Edivan Baron, Flavio Habitzreiter, Gilmar Maier, Luis da Silva.</a></p>\r\n<p style=\"text-align: justify; \"><a class=\"external-link\" href=\"https://sapl.trespassos.rs.leg.br/materia/2062\" target=\"_self\" title=\"\"><span>\u25b6\ufe0fPedido de Informa\u00e7\u00e3o n\u00ba 10 de 2022, Solicita que o Prefeito Municipal informe: 1. Quais s\u00e3o todos os exames e consultas especializadas que a prefeitura disponibiliza pelo conv\u00eanio do CISA? 2. E qual a quantidade (ainda que estimada) de cada um deles que \u00e9 oferecida mensalmente?\u00a0</span>Autor: Flavio Habitzreiter, com o apoio dos vereadores Diego Maciel, Edivan Baron, Gilmar Maier, Luis da Silva, Paulo Sattler</a></p>\r\n<p style=\"text-align: justify; \"><a class=\"external-link\" href=\"https://sapl.trespassos.rs.leg.br/materia/2066\" target=\"_self\" title=\"\">\u25b6\ufe0fPedido de Informa\u00e7\u00e3o n\u00ba 11 de 2022, Solicita que encaminhe \u00e0 C\u00e2mara de Vereadores c\u00f3pia da folha ponto (manual ou biom\u00e9trica) de todos os pro\ufb01ssionais m\u00e9dicos que atuam na rede municipal de sa\u00fade desde de 04/01/2021 at\u00e9 31/03/2022, para veri\ufb01car o cumprimento da carga hor\u00e1ria. Autor: Paulo Sattler, com o apoio dos vereadores Diego Maciel, Edivan Baron, Flavio Habitzreiter, Gilmar Maier, Luis da Silva.</a></p>\r\n<p style=\"text-align: justify; \"><a class=\"external-link\" href=\"https://sapl.trespassos.rs.leg.br/materia/2064\" target=\"_self\" title=\"\"><span>\u25b6\ufe0fPedido de Provid\u00eancias n\u00ba 47 de 2022, Solicita melhoria no acesso \u00e0 propriedade de Alc\u00eddio Krumennauer, na localidade de Alto Erval Novo.\u00a0</span>Autor: Luis da Silva, com o apoio dos vereadores Diego Maciel, Edivan Baron, Flavio Habitzreiter, Gilmar Maier, Paulo Sattler.</a></p>\r\n<p style=\"text-align: justify; \"><a class=\"external-link\" href=\"https://sapl.trespassos.rs.leg.br/materia/2065\" target=\"_self\" title=\"\">\u25b6\ufe0fPedido de Provid\u00eancias n\u00ba 48 de 2022, Solicita melhorias na Rua Ricardo R\u00fccker, nas proximidades de Engster M\u00f3veis, pois a rua est\u00e1 constantemente alagada, sendo a \u00fanica solu\u00e7\u00e3o o seu asfaltamento. Al\u00e9m disso, solicita-se a limpeza das laterais, pois trata-se de uma \u00e1rea de APP e o mato est\u00e1 muito grande. Autores: Luis da Silva, com o apoio dos vereadores Diego Maciel, Edivan Baron, Flavio Habitzreiter, Gilmar Maier, Paulo Sattler.</a></p>\r\n<p style=\"text-align: justify; \"><a class=\"external-link\" href=\"https://sapl.trespassos.rs.leg.br/materia/2067\" target=\"_self\" title=\"\"><span>\u25b6\ufe0fPedido de Provid\u00eancias n\u00ba 49 de 2022, Solicita melhorias, principalmente o patrolamento, nas localidades de Linha Navegantes e Molina, devido \u00e0s p\u00e9ssimas condi\u00e7\u00f5es da via.\u00a0</span>Autor: Paulo Sattler, com o apoio dos vereadores Diego Maciel, Edivan Baron, Flavio Habitzreiter, Gilmar Maier, Luis da Silva.</a></p>\r\n<p style=\"text-align: justify; \"><a class=\"external-link\" href=\"https://sapl.trespassos.rs.leg.br/materia/2068\" target=\"_self\" title=\"\"><span>\u25b6\ufe0fPedido de Provid\u00eancias n\u00ba 50 de 2022, Solicita melhorias no acesso \u00e0 propriedade de Ari Voss, na localidade de Erval Novo.\u00a0</span>Autor: Luis da Silva, com o apoio dos vereadores Diego Maciel, Edivan Baron, Flavio Habitzreiter, Gilmar Maier, Paulo Sattler.</a></p>\r\n<p style=\"text-align: justify; \"><a class=\"external-link\" href=\"https://sapl.trespassos.rs.leg.br/materia/2069\" target=\"_self\" title=\"\"><span>\u25b6\ufe0fPedido de Provid\u00eancias n\u00ba 51 de 2022, Solicita melhorias (patrolamento, encascalhamento e rolagem) na estrada do Alto Erval Nono, no trecho em dire\u00e7\u00e3o \u00e0 Escola desativada Mariano Becker.\u00a0</span>Autor: Luis da Silva, com o apoio dos vereadores Diego Maciel, Edivan Baron, Flavio Habitzreiter, Gilmar Maier, Paulo Sattler.</a></p>\r\n<p style=\"text-align: justify; \"><a class=\"external-link\" href=\"https://sapl.trespassos.rs.leg.br/materia/2076\" target=\"_self\" title=\"\">\u25b6\ufe0fPedido de Provid\u00eancias n\u00ba 52 de 2022, Solicita instala\u00e7\u00e3o de parada de \u00f4nibus nas proximidades do Campo do Paladino, em Padre Gonzales, pois as crian\u00e7as precisam esperar sob chuva ou sol forte pelo transporte escolar.\u00a0 Autor: Flavio Habitzreiter, com o apoio dos vereadores Diego Maciel, Edivan Baron, Gilmar Maier, Luis da Silva, Paulo Sattler.</a></p>\r\n<p style=\"text-align: justify; \">\u00a0</p>\r\n<h3><span>*** TRIBUNA POPULAR***</span></h3>\r\n<p style=\"text-align: justify; \"><span>O espa\u00e7o da Tribuna Popular foi ocupado pelos professores Andr\u00e9 Giovane de Castro e a professora Fernanda Serrer da Universidade Regional do Noroeste do Estado do Rio Grande do Sul \u2013 UNIJU\u00cd do Campus de Tr\u00eas Passos, que fizeram a apresenta\u00e7\u00e3o do \"Projeto Integrador\", componente curricular da Gradua\u00e7\u00e3o Mais, uma nova modalidade de gradua\u00e7\u00e3o da universidade.</span></p>\r\n<p style=\"text-align: justify; \"><span>Nele, a comunidade em geral (\u00f3rg\u00e3o p\u00fablico ou privado) prop\u00f5e desafios a partir de sua realidade e a Universidade, por meio das suas habilidades e conhecimentos desenvolvidos por seus estudantes, com a orienta\u00e7\u00e3o dos professores, constr\u00f3i propostas de solu\u00e7\u00f5es inovadoras.\u00a0</span></p>\r\n<p style=\"text-align: justify; \"><span>Foi explanado ainda sobre o Escrit\u00f3rio Modelo da Uniju\u00ed, em que \u00e9 prestado servi\u00e7o de assist\u00eancia jur\u00eddica gratuita \u00e0 comunidade carente, sendo o servi\u00e7o realizado por estudantes do curso de Direito com o acompanhamento de professores.\u00a0</span></p>\r\n<p style=\"text-align: justify; \"><span>Al\u00e9m disso, est\u00e1 \u00e0 disposi\u00e7\u00e3o da comunidade tr\u00eas-passense o Balc\u00e3o do Consumidor, que \u00e9 o respons\u00e1vel pelo atendimento preliminar dos consumidores e tem por objetivo resolver os conflitos resultantes das rela\u00e7\u00f5es de consumo, antes que o cheguem at\u00e9 o Poder Judici\u00e1rio.\u00a0</span></p>\r\n<p style=\"text-align: justify; \">Os vereadores Paulinho Sattler, Evandro Mohr, Jo\u00e3o Boll, Nelita Real, Luis da Silva, Jair Locatelli, Liane Konrad, Flavio Habitzreiter e Ingomar Sandtner fizeram perguntas aos convidados.</p>\r\n<p style=\"text-align: justify; \"><span><br /></span></p>\r\n<h3>*** GRANDE EXPEDIENTE E EXPLICA\u00c7\u00d5ES PESSOAIS***</h3>\r\n<p style=\"text-align: justify; \"><span>O espa\u00e7o do Grande Expediente foi ocupado pelos vereadores: Flavio Habitzreiter, Edivan Baron, Evandro Mohr, Jair Locatelli, Luis da Silva, Ingomar Sandtner, Jo\u00e3o Boll, Liane Konrad, Paulinho Sattler e Nelita Real.</span></p>\r\n<p style=\"text-align: justify; \"><span><br /></span></p>\r\n<p style=\"text-align: justify; \"><span>O espa\u00e7o das Explica\u00e7\u00f5es Pessoais foi suprimido.\u00a0</span></p>\r\n<p style=\"text-align: justify; \"><span><br /></span></p>\r\n<p style=\"text-align: justify; \"><span><br /></span></p>\r\n<p style=\"text-align: justify; \"><span>*Esta mat\u00e9ria \u00e9 uma publica\u00e7\u00e3o informativa. As informa\u00e7\u00f5es aqui contidas s\u00e3o resumidas para uma melhor adequa\u00e7\u00e3o do conte\u00fado ao site. Todas as mat\u00e9rias legislativas constantes da mesma poder\u00e3o ser consultadas em sua integralidade no endere\u00e7o:\u00a0 https://trespassos.rs.leg.br/processo-legislativo/sessoes-plenarias ou poder\u00e1 ser acessado o v\u00eddeo da sess\u00e3o atrav\u00e9s da p\u00e1gina do Facebook\u00a0 (https://www.facebook.com/CamaradeVereadoresdeTresPassos).</span></p>", "author_name": "", "version": "1.0", "author_url": "https://www.trespassos.rs.leg.br/author/Camara", "provider_name": "C\u00e2mara Municipal de Tr\u00eas Passos - RS", "type": "rich"}