{"provider_url": "https://www.trespassos.rs.leg.br", "title": "Reuni\u00e3o", "html": "<p>Os vereadores estiveram reunidos na manh\u00e3 de ter\u00e7a-feira 903) \u00a0com a Secret\u00e1ria de Educa\u00e7\u00e3o , Neiva Becker e com a Procuradora Geral do munic\u00edpio, Geciana Seffrin para tratar do of\u00edcio encaminhado \u00e0 C\u00e2mara datado de 23 de dezembro de 2016 solicitando manifesta\u00e7\u00e3o do legislativo referente a poss\u00edvel cessa\u00e7\u00e3o das atividades da EMEF Bispo Fernandes Sardinha e das turmas do 6\u00ba ao 9\u00ba ano da EMEF D. Jo\u00e3o Becker.</p>\r\n<p>Ap\u00f3s v\u00e1rios pontos abordados e discutidos referente ao impacto desta a\u00e7\u00e3o, a C\u00e2mara de Vereadores de Tr\u00eas Passos ir\u00e1 emitir manifesta\u00e7\u00e3o contr\u00e1ria com ideias para manter as atividades durante este ano letivo, para que se encontre a melhor solu\u00e7\u00e3o para todos envolvidos ao longo do ano. \u00a0</p>", "author_name": "camaratp", "version": "1.0", "author_url": "https://www.trespassos.rs.leg.br/author/camaratp", "provider_name": "C\u00e2mara Municipal de Tr\u00eas Passos - RS", "type": "rich"}