{"provider_url": "https://www.trespassos.rs.leg.br", "title": "Sess\u00e3o Descentralizada - Bela Vista", "html": "<p><b>No dia 27</b><b> de mar\u00e7o de 2017</b><span>, sob a Presid\u00eancia do vereador Edivan Baron, foi realizada a sess\u00e3o plen\u00e1ria semanal.</span><span>\u00a0</span></p>\r\n<p>Esta sess\u00e3o foi realizada de forma descentralizada, no sal\u00e3o do Esporte Clube Gr\u00eamio Uni\u00e3o de Bela Vista, contando com a presen\u00e7a do Presidente da Associa\u00e7\u00e3o Rural de Desenvolvimento M\u00e1rio Zart, o representante da Escola Estadual Jos\u00e9 de Anchieta Jo\u00e3o Carlos Thiesen, a Lideran\u00e7a da Comunidade Sr. Gilberto Nied, e o Presidente dos usu\u00e1rios da \u00e1gua Erhardt Hepp, que usaram o espa\u00e7o da <b>Tribuna Popular</b> para falar sobre as potencialidades e reivindica\u00e7\u00f5es da comunidade do Distrito de Bela Vista.<span>\u00a0</span></p>\r\n<p>Mario Zart ressaltou que a Associa\u00e7\u00e3o Rural iniciou em 2011 com 42 associados e atualmente conta 276 associados; foram repassados R$ 288.755,00 aos associados, recursos estes recebidos pela Prefeitura Municipal; n\u00e3o foram realizadas visitas t\u00e9cnicas no ano de 2016; foram investidos em insumos o montante de R$ 75.542,00; foram feitos 34 cursos de capacita\u00e7\u00e3o.</p>\r\n<p>Zart acrescentou que a Associa\u00e7\u00e3o Rural trabalha nas \u00e1reas da atividade leiteira, pastagem, nutri\u00e7\u00e3o animal, manejo da ordenha e qualidade do leite, silagem, agrot\u00f3xicos, leitec, dias de campo e manuten\u00e7\u00e3o de trator.</p>\r\n<p>Destacou que em 2014, a produ\u00e7\u00e3o de leite alcan\u00e7ou 14,6 litros por dia por vaca, somando no ano um total de 9,6 milh\u00f5es de litros; na suinocultura s\u00e3o 26 parceiros, com 31 unidades e uma produ\u00e7\u00e3o de 36.000 su\u00ednos terminados por ano; na avicultura foram 500.000 unidades por ano; no setor de habita\u00e7\u00e3o foram constru\u00eddas 33 casas novas, pelo Sindicato dos Trabalhadores Rurais, por meio do Programa Minha Casa Minha Vida; e com rela\u00e7\u00e3o \u00e0 inclus\u00e3o digital s\u00e3o 108 fam\u00edlias contempladas.<span>\u00a0</span></p>\r\n<p>Jo\u00e3o Carlos Thiesen apresentou algumas reivindica\u00e7\u00f5es da comunidade, tais como o fechamento de buracos na continua\u00e7\u00e3o da Av. Dos Estados at\u00e9 o Clube Ca\u00e7a e Pesca; instala\u00e7\u00e3o de lombada eletr\u00f4nica no trajeto do \u00f4nibus escolar que at\u00e9 a Esquina Libert, devido a risco de acidentes, por excesso de velocidade de alguns motoristas; instala\u00e7\u00e3o de uma quadra de esportes com cobertura, para evitar que os alunos fiquem expostos ao sol e \u00e0 chuva, e tamb\u00e9m se machuquem.</p>\r\n<p><b>\u00a0</b><span>Gilberto Nied, na qualidade de agricultor, foi incumbido de falar sobre estradas.</span><span>Comentou que o Secret\u00e1rio Municipal de Transportes Cezar dos Santos j\u00e1 fez algumas melhorias nas estradas.</span><span>Pediu apoio dos vereadores e da Administra\u00e7\u00e3o Municipal, pois os produtores rurais s\u00e3o o carro chefe, em sentido de retorno financeiro e tudo passa pelas estradas. Trabalha h\u00e1 30 anos e cada ano \u00e9 a mesma coisa, n\u00e3o h\u00e1 estradas para escoar\u00a0 a produ\u00e7\u00e3o. M\u00e1quinas, caminh\u00f5es, tratores s\u00e3o danificados por causa do mau estado das estradas. Ent\u00e3o que houvesse uma maior aten\u00e7\u00e3o da parte do munic\u00edpio para a conserva\u00e7\u00e3o das estradas, pontilh\u00f5es, bueiros no interior, s\u00e3o muito estreitos. Tamb\u00e9m pede o alargamento das estradas, pois estraga muitos espelhos retrovisores, pois enroscam nas arvores da beira da estrada.</span></p>\r\n<p>\u00a0<span>Erhard Hepp falou sobre a rede de \u00e1gua do Distrito de Bela Vista.\u00a0</span><span>Destacou que o n\u00edvel da \u00e1gua \u00e9 de boa qualidade; s\u00e3o 170 consumidores de um po\u00e7o apenas; s\u00e3o 2 milh\u00f5es de litros de \u00e1gua por m\u00eas; h\u00e1 uma caixa de 10 mil litros que armazena a \u00e1gua.</span></p>\r\n<p>H\u00e1 um outro po\u00e7o com uma vaz\u00e3o maior, e a ideia \u00e9 coloc\u00e1-lo em funcionamento, sendo que al\u00e9m de levar para o cemit\u00e9rio, dividir a vila em duas partes, pois a\u00ed se utilizaria \u00e1gua dos dois po\u00e7os.</p>\r\n<p>Ano passado sobrou 80 mil reais de recurso do Governo do Estado, e foi necess\u00e1rio devolver esse valor, pois n\u00e3o foi permitido utilizar para a instala\u00e7\u00e3o de uma bomba para o po\u00e7o.</p>\r\n<p>Solicitou uma academia ao ar livre para a pr\u00e1tica de exerc\u00edcios f\u00edsicos; a constru\u00e7\u00e3o de uma casa mortu\u00e1ria para vel\u00f3rios; informa\u00e7\u00f5es da n\u00e3o assist\u00eancia de t\u00e9cnico agr\u00edcola, pois desde outubro de 2015 os associados est\u00e3o aguardando o atendimento; a manuten\u00e7\u00e3o peri\u00f3dica do cal\u00e7amento e concluir at\u00e9 o asfalto; maior fiscaliza\u00e7\u00e3o junto \u00e0s casas e terreno abandonados.</p>\r\n<p><span>\u00a0</span></p>\r\n<p>O projeto que visa alterar a Lei Org\u00e2nica do Munic\u00edpio no sentido de incluir o Or\u00e7amento Impositivo, previsto na Constitui\u00e7\u00e3o Federal, foi <b>lido</b> na sess\u00e3o.</p>\r\n<p><i>Este projeto foi baixado para as Comiss\u00f5es Permanentes e poder\u00e1 ser votado na pr\u00f3xima sess\u00e3o.</i><span>\u00a0</span></p>\r\n<p>Em fun\u00e7\u00e3o de ter sido a \u00faltima sess\u00e3o do m\u00eas, com a presen\u00e7a de representantes da comunidade, o espa\u00e7o do <b>Grande Expediente (discursos dos vereadores)</b> foi suprimido.</p>\r\n<p><strong><span>Foram solicitadas \u00e0 Administra\u00e7\u00e3o Municipal os seguintes </span><span>pedidos de \u00a0provid\u00eancias e informa\u00e7\u00f5es</span><span>:</span></strong></p>\r\n<p>- repintura da faixa de seguran\u00e7a existente no entroncamento das Ruas Petr\u00f4nio Portela e Jos\u00e9 de Alencar;</p>\r\n<p>- recoloca\u00e7\u00e3o da faixa de seguran\u00e7a localizada na Av. Iju\u00ed, junto \u00e0 r\u00f3tula no entroncamento com a Rua Gaspar Silveira Martins, em torno de 10 metros no sentido centro-bairro, pr\u00f3ximo \u00e0 Academia de gin\u00e1stica;</p>\r\n<p>- repintura das faixas de seguran\u00e7a existentes no entroncamento das Ruas Petr\u00f4nio Portela e Jos\u00e9 de Alencar.</p>\r\n<p>- qual foi o custo do reperfilamento das Ruas Gaspar Silveira Martins e Jos\u00e9 Coutinho;</p>\r\n<p>- uma rela\u00e7\u00e3o do consumo de litros de combust\u00edvel por m\u00e1quina ou ve\u00edculo nos anos de 2015 e 2016, da Administra\u00e7\u00e3o Municipal;</p>\r\n<p>- uma rela\u00e7\u00e3o das horas extras pagas por servidor e se o servi\u00e7o p\u00fablico foi cobrado ou foi dado como incentivo ao cidad\u00e3o;</p>\r\n<p>\u00a0</p>\r\n<p><strong>Audi\u00eancia P\u00fablica</strong></p>\r\n<p><strong></strong><span>Convidamos toda comunidade para a Audi\u00eancia P\u00fablica a ser realizada nesta sexta-feira, 31 de mar\u00e7o, a partir das 9h30min, no Audit\u00f3rio da Uniju\u00ed Campus Tr\u00eas Passos, para discutir a Reforma da Previd\u00eancia, com a presen\u00e7a do Presidente da Assembleia Legislativa do Estado.</span></p>", "author_name": "camaratp", "version": "1.0", "author_url": "https://www.trespassos.rs.leg.br/author/camaratp", "provider_name": "C\u00e2mara Municipal de Tr\u00eas Passos - RS", "type": "rich"}