{"provider_url": "https://www.trespassos.rs.leg.br", "title": "Sess\u00e3o Ordin\u00e1ria 20 de junho", "html": "<p><b>No dia 20</b><b> de junho de 2016</b>, sob a Presid\u00eancia do vereador Jorginho Dickel, foi realizada a sess\u00e3o plen\u00e1ria semanal.</p>\r\n<p>\u00a0<span>Quatro projetos foram </span><b>votados e aprovados por unanimidade</b><span> na sess\u00e3o:</span></p>\r\n<p><span>- Projeto de lei n\u00ba 44/16</span> \u2013 Autoriza a abertura de cr\u00e9dito especial no valor de R$ 2.200,00, para contabiliza\u00e7\u00e3o da despesa referente \u00e0 compra de mudas de \u00e1rvores distribu\u00eddas durante as atividades da Semana do Meio Ambiente.</p>\r\n<p>\u00a0</p>\r\n<p><span>- Projeto de lei n\u00ba 45/16</span> \u2013 Revoga a lei municipal n\u00ba 4.327, de 21 de dezembro de 2009, que previa o repasse mensal de valores \u00e0 APAE, em fun\u00e7\u00e3o de que tal repasse \u00e9 feito com base em lei mais recente, do ano de 2014.</p>\r\n<p>\u00a0</p>\r\n<p><span>- Projeto de lei legislativa n\u00ba 9/16</span> \u2013 Denomina a Rua Lindolfo Rodrigues de Moraes no Loteamento Kerber; as Ruas Othmar Balduino Schroder, Florentino Schneider e Santo Ledur no Loteamento Vale do Sol; e a Rua Pedro Ottonelli no Loteamento Monte Claro.</p>\r\n<p>\u00a0</p>\r\n<p>- <span>Projeto de resolu\u00e7\u00e3o n\u00ba 2/</span>16 - Altera o Regimento Interno da C\u00e2mara de Vereadores, retirando a previs\u00e3o de vota\u00e7\u00e3o de secreta. Com isso, todas as vota\u00e7\u00f5es passar\u00e3o a ser abertas, dando maior transpar\u00eancia no Legislativo tr\u00eas-passense.</p>\r\n<p><a class=\"external-link\" href=\"http://sapl.trespassos.rs.leg.br/generico/materia_pesquisar_proc?incluir=0&amp;existe_ocorrencia=0&amp;total_materias=%3CShared.DC.ZRDB.Results.Results+instance+at+0x7f57a184a290%3E&amp;lst_tip_materia=1&amp;txt_numero=&amp;txt_ano=&amp;txt_npc=&amp;txt_num_protocolo=&amp;dt_apres=&amp;dt_apres2=&amp;dt_public=&amp;dt_public2=&amp;hdn_txt_autor=&amp;hdn_cod_autor=&amp;lst_tip_autor=&amp;lst_cod_partido=&amp;txt_relator=&amp;txt_assunto=&amp;rad_tramitando=&amp;lst_localizacao=&amp;lst_status=&amp;rd_ordenacao=1&amp;rd_ordem_td=1&amp;chk_coautor=&amp;btn_materia_pesquisar=Pesquisar\" target=\"_self\" title=\"\">\u00a0Acesse aqui os projetos</a></p>\r\n<p>\u00a0</p>\r\n<p>\u00a0</p>\r\n<p>Os vereadores Ido, Carlito, Edivan, L\u00e9lia, Locatelli, Paulinho, Cezar e Jorginho usaram o espa\u00e7o dos discursos dos vereadores - <b>Grande Expediente</b>.</p>\r\n<p><a class=\"external-link\" href=\"http://sapl.trespassos.rs.leg.br/consultas/sessao_plenaria/oradores_expediente_sessao_plen_form?cod_sessao_plen=130&amp;dat_sessao=20/06/2016\" target=\"_self\" title=\"\">Os pronunciamentos dos vereadores podem ser acessados aqui.</a></p>\r\n<p><a class=\"external-link\" href=\"http://sapl.trespassos.rs.leg.br/consultas/sessao_plenaria/oradores_expediente_sessao_plen_form?cod_sessao_plen=130&amp;dat_sessao=20/06/2016\" target=\"_self\" title=\"\">\u00a0</a></p>\r\n<h3>Foram solicitadas ao Prefeito Municipal as seguintes <b>provid\u00eancias:</b></h3>\r\n<p>- instala\u00e7\u00e3o de um redutor de velocidade na Rua Antonio Gon\u00e7alves de Oliveira, que d\u00e1 acesso ao Cemit\u00e9rio Municipal;</p>\r\n<p>- patrolamento das estradas que ainda n\u00e3o foram restauradas na localidade de Alto Erval Novo.</p>\r\n<p>\u00a0</p>\r\n<p><b>Audi\u00eancia p\u00fablica</b>: no dia 24 de junho, pr\u00f3xima sexta-feira, \u00e0s 8h30min, ser\u00e1 realizada na C\u00e2mara de Vereadores de Tr\u00eas Passos a audi\u00eancia p\u00fablica para a presta\u00e7\u00e3o de contas da gest\u00e3o da sa\u00fade, referente ao primeiro quadrimestre de 2016 (meses de janeiro a abril).\u00a0</p>\r\n<p>Participe voc\u00ea tamb\u00e9m desta importante audi\u00eancia p\u00fablica, que contar\u00e1 com a presen\u00e7a da enfermeira Maria Adelaide Hertz, da Secretaria Municipal da Sa\u00fade, e acompanhe a apresenta\u00e7\u00e3o do relat\u00f3rio de gest\u00e3o da sa\u00fade do per\u00edodo, no qual consta a execu\u00e7\u00e3o da receita e da despesa e os atendimentos realizados pela Secretaria.</p>\r\n<p>\u00a0</p>\r\n<p><b>Aviso importante</b>: a pr\u00f3xima sess\u00e3o, do dia 27 de junho, ser\u00e1 a \u00faltima transmitida via r\u00e1dio, em fun\u00e7\u00e3o de que, a partir do m\u00eas de julho, o Calend\u00e1rio Eleitoral prev\u00ea a veda\u00e7\u00e3o \u00e0s emissoras de r\u00e1dio e de televis\u00e3o transmitir programa apresentado ou comentado por pr\u00e9-candidato, sob pena, no caso de sua escolha na conven\u00e7\u00e3o partid\u00e1ria, de imposi\u00e7\u00e3o da multa e de cancelamento do registro da candidatura do benefici\u00e1rio, conforme previsto na Lei Eleitoral.</p>", "author_name": "camaratp", "version": "1.0", "author_url": "https://www.trespassos.rs.leg.br/author/camaratp", "provider_name": "C\u00e2mara Municipal de Tr\u00eas Passos - RS", "type": "rich"}