{"provider_url": "https://www.trespassos.rs.leg.br", "title": "Sess\u00e3o Ordin\u00e1ria do dia 07/12", "html": "<p><b>No dia 7 de dezembro de 2015</b><span>, sob a Presid\u00eancia do vereador Alcione Cezar dos Santos, foi realizada a sess\u00e3o plen\u00e1ria ordin\u00e1ria semanal.</span></p>\r\n<p>\u00a0O vereador Carlito Sommer<span>, Presidente da C\u00e2mara, pediu licen\u00e7a do seu cargo, por motivos pessoais,\u00a0pelo per\u00edodo de 14 dias, de 4 a 17 de dezembro.</span></p>\r\n<p>\u00a0<span>Neste per\u00edodo, a presid\u00eancia ser\u00e1 exercida interinamente pelo vereador Cezar, Vice-presidente do Legislativo.</span><span>\u00a0</span></p>\r\n<p>O suplente Joine Bergmann assumiu no lugar do vereador Jair Lagemann, da Bancada do PTB, que pediu licen\u00e7a m\u00e9dica.<span>\u00a0</span></p>\r\n<p><span>A proposta de emenda \u00e0 Lei Org\u00e2nica n</span><span>\u00ba</span><span> 1/15, que objetiva principalmente retirar a previs\u00e3o da vota\u00e7\u00e3o secreta do Veto, foi </span><b>aprovado</b><span> por unanimidade em segundo turno na sess\u00e3o.</span><span>\u00a0</span></p>\r\n<p>Na pr\u00f3xima sess\u00e3o, do dia 14 de dezembro, haver\u00e1 a elei\u00e7\u00e3o para a escolha dos membros da Mesa Diretora para o ano de 2016 (Presidente, Vice-Presidente e Secret\u00e1rio).</p>\r\n<p>\u00a0<span>O recesso parlamentar inicia no dia 15 de dezembro e vai at\u00e9 31 de janeiro.</span></p>\r\n<p>\u00a0</p>", "author_name": "camaratp", "version": "1.0", "author_url": "https://www.trespassos.rs.leg.br/author/camaratp", "provider_name": "C\u00e2mara Municipal de Tr\u00eas Passos - RS", "type": "rich"}