{"provider_url": "https://www.trespassos.rs.leg.br", "title": "Sess\u00e3o Solene de Posse", "html": "<p>A Sess\u00e3o Solene de Posse dos Vereadores, Prefeito, Vice- Prefeito e Secret\u00e1rios foi realizada ontem dia primeiro de janeiro, as 19h30min no audit\u00f3rio da Unijui.\u00a0</p>\r\n<p>A primeira parte da Sess\u00e3o Solene foi presidida pela presidente do ano de 2016, vereadora L\u00e9lia M\u00fcller , o qual empossou os 11 vereadores eleitos para o mandato 2017/2020:\u00a0<span>Arlei Luis Tomazoni,\u00a0</span><span>Edivan Nelsi Baron,\u00a0</span><span>Fl\u00e1vio Habitzreiter, ido Rhoden, Ivo Herton Z\u00fcgel, Maria Helena G. Krummenauer, Marli Franke, Nader Ali Umar, Rosani do Nascimento, Vinicius Bind\u00e9 A. de Ara\u00fajo, Willian Matheus Heineck.</span></p>\r\n<p><span>Ap\u00f3s a posse dos vereadores, a vereadora L\u00e9lia conduziu a elei\u00e7\u00e3o da Mesa Diretora para o ano de 2017, que ficou assim composta:</span></p>\r\n<p>Presidente: Edivan Nelsi Baron (PTB)</p>\r\n<p>Vice-Presidente: Flavio Habitzreiter</p>\r\n<p>Secret\u00e1rio: Vinicius Ara\u00fajo</p>\r\n<p>A veradora L\u00e9lia fez seu discurso de despedida com muita emo\u00e7\u00e3o e recebeu flores da primeira dama municipal, Fabiane Amaral e do presidente eleito Edivan Baron</p>\r\n<p>O presidente eleito, Edivam Baron, assumiu os trabalhos para ent\u00e3o dar posse ao Prefeito Z\u00e9 Carlos e ao vice Jorginho Dickel.</p>\r\n<p>Os secret\u00e1rios municipais tamb\u00e9m foram apresentados para a comunidade:</p>\r\n<p><span>Chefe de Gabinete:\u00a0</span><a href=\"https://www.facebook.com/andrearaquel.debesaitis\" data-hovercard=\"/ajax/hovercard/user.php?id=100004276148020&amp;extragetparams=%7B%22directed_target_id%22%3A0%7D\" data-hovercard-prefer-more-content-show=\"1\">Andrea Raquel Debesaitis</a><br /><span>Procuradora Geral do Municipio:\u00a0</span><a href=\"https://www.facebook.com/geciana.seffrin\" data-hovercard=\"/ajax/hovercard/user.php?id=100005618195700&amp;extragetparams=%7B%22directed_target_id%22%3A0%7D\" data-hovercard-prefer-more-content-show=\"1\">Geciana Seffrin</a><br /><span>Secret\u00e1ria de Assist\u00eancia Social:\u00a0</span><a href=\"https://www.facebook.com/fabiane.souza.3348\" data-hovercard=\"/ajax/hovercard/user.php?id=100001620977197&amp;extragetparams=%7B%22directed_target_id%22%3A0%7D\" data-hovercard-prefer-more-content-show=\"1\">Fabiane Souza</a><br /><span>Secret\u00e1ria de Administra\u00e7\u00e3o: Cristiane Sell Muller\u00a0</span><span class=\"text_exposed_show\"><br />Secret\u00e1ria de Educa\u00e7\u00e3o: Neiva F\u00e1tima\u00a0<a href=\"https://www.facebook.com/anisia.becker\" data-hovercard=\"/ajax/hovercard/user.php?id=100003924245620&amp;extragetparams=%7B%22directed_target_id%22%3A0%7D\" data-hovercard-prefer-more-content-show=\"1\">Anisia Becker</a><br />Secret\u00e1ria de Finan\u00e7as:\u00a0<a href=\"https://www.facebook.com/mara.both\" data-hovercard=\"/ajax/hovercard/user.php?id=100001956935129&amp;extragetparams=%7B%22directed_target_id%22%3A0%7D\" data-hovercard-prefer-more-content-show=\"1\">Mara Quinot Both</a><br />Secret\u00e1ria de Saude: Maria Adelaide Hertz\u00a0<br />Secret\u00e1rio de Obras: Carlos Pesce<br />Secret\u00e1rio de Planejamento: Jos\u00e9 carlos Bourcheid<br />Secret\u00e1rio de Meio Ambiente:\u00a0<a href=\"https://www.facebook.com/diego.maciel.351\" data-hovercard=\"/ajax/hovercard/user.php?id=100001988682231&amp;extragetparams=%7B%22directed_target_id%22%3A0%7D\" data-hovercard-prefer-more-content-show=\"1\">Diego Maciel</a><br />Secret\u00e1rio de Agricultura:\u00a0<a href=\"https://www.facebook.com/colombo.evandroaugusto\" data-hovercard=\"/ajax/hovercard/user.php?id=100003735480824&amp;extragetparams=%7B%22directed_target_id%22%3A0%7D\" data-hovercard-prefer-more-content-show=\"1\">Colombo Evandro Augusto</a><br />Secret\u00e1rio de Transportes: Alcione Cezar dos Santos\u00a0<a href=\"https://www.facebook.com/cezar.santos.5\" data-hovercard=\"/ajax/hovercard/user.php?id=100003071704714&amp;extragetparams=%7B%22directed_target_id%22%3A0%7D\" data-hovercard-prefer-more-content-show=\"1\">Cezar Santos</a></span></p>\r\n<p>Apos os vereadores, lideres de bancada usaram a tribuna para fazer seu discurso, seguido pelo vice-prefeito Jorge Dickel, pelo Prefeito Jos\u00e9 Carlos e finalizando com o presidente eleito para o ano de 2017, Edivan Baron.</p>\r\n<p><span class=\"text_exposed_show\">As fotos do evento podem ser conferidas no facebok\u00a0<a class=\"external-link\" href=\"https://www.facebook.com/pg/CamaradeVereadoresdeTresPassos/photos/?tab=album&amp;album_id=771394193007672\" target=\"_self\" title=\"\">acessando aqui\u00a0</a>.</span></p>\r\n<p><span class=\"text_exposed_show\">A cerimonia foi marcada pela emo\u00e7\u00e3o nos discursos.</span></p>\r\n<p><span class=\"text_exposed_show\"><br /></span></p>\r\n<p><span class=\"text_exposed_show\"><br /></span></p>\r\n<p>\u00a0</p>\r\n<p>\u00a0</p>\r\n<p>\u00a0</p>", "author_name": "camaratp", "version": "1.0", "author_url": "https://www.trespassos.rs.leg.br/author/camaratp", "provider_name": "C\u00e2mara Municipal de Tr\u00eas Passos - RS", "type": "rich"}