{"provider_url": "https://www.trespassos.rs.leg.br", "title": "VEREADORA MARLI FRANKE PRESIDE A SESS\u00c3O ORDIN\u00c1RIA DE ONTEM", "html": "<p>\u00a0A sess\u00e3o ordin\u00e1ria, realizada ontem, dia 2 de setembro, foi presidida pela vereadora Marli Franke, vice-presidente da Casa, tendo em vista que o vereador Vinicius Araujo, est\u00e1 representando este Poder, em Bras\u00edlia, juntamente com a comitiva representada pelo Vice-Prefeito, Jorge Dickel, o Secret\u00e1rio de Planejamento, Jos\u00e9 Carlos Bourscheid e o vereador Fl\u00e1vio Habitzreiter, em diversas reivindica\u00e7\u00f5es do munic\u00edpio.</p>\r\n<p>N\u00e3o haviam projetos em pauta para a vota\u00e7\u00e3o.</p>\r\n<p>Em pauta para a leitura estavam os seguintes projetos de lei:</p>\r\n<p><a href=\"https://sapl.trespassos.rs.leg.br/materia/1124\" target=\"_self\">Projeto de Lei Legislativa n\u00ba 18/19</a>, que denomina a Rua Telmar Henkes Reis</p>\r\n<p>A Mensagem Substitutiva\u00a0enviada pelo Executivo Municipal em rela\u00e7\u00e3o ao\u00a0<a href=\"https://sapl.trespassos.rs.leg.br/materia/1104\" target=\"_self\">Projeto de Lei n\u00ba 63/19</a>, que disp\u00f5e a Lei de Diretrizes Or\u00e7ament\u00e1rias - LDO para 2020, em atendimento \u00e0 orienta\u00e7\u00e3o t\u00e9cnica cont\u00e1bil e jur\u00eddica.</p>\r\n<p><a href=\"https://sapl.trespassos.rs.leg.br/materia/documentoacessorio/1988\" target=\"_self\">Projeto substitutivo\u00a0</a>referente ao Projeto que institui o Dia da Fibromialgia, atendendo orienta\u00e7\u00e3o t\u00e9cnica, retirando os arts. 2\u00ba e 3\u00ba da proposi\u00e7\u00e3o, por serem inconstitucionais, posto que a tarefa \u00e9 exclusiva do chefe do Poder Executivo.</p>\r\n<p>Usaram o espa\u00e7o da tribuna os seguintes vereadores: Rosani do Nascimento, Ido Rhoden, Maria Helena Krummenauer, Arlei Tomazoni, Ivo Z\u00fcgel, Marli Franke, Jair Locatelli e Edivan Baron.</p>\r\n<p>Acesse os discursos <a class=\"external-link\" href=\"https://sapl.trespassos.rs.leg.br/sessao/314/oradorexpediente\" target=\"_self\" title=\"\">AQUI</a></p>\r\n<p><b>SETEMBRO AMARELO:</b></p>\r\n<p>Setembro \u00e9 o m\u00eas mundial de preven\u00e7\u00e3o do suic\u00eddio, chamado tamb\u00e9m de Setembro Amarelo. O assunto que j\u00e1 foi um tabu muito maior, ainda enfrenta grandes dificuldades na identifica\u00e7\u00e3o de sinais, oferta e busca por ajuda, justamente pelos preconceitos e falta de informa\u00e7\u00e3o.<br /> A C\u00e2mara Municipal de Tr\u00eas Passos, em parceria com o Executivo Municipal, durante o m\u00eas de setembro postar\u00e1 em suas m\u00eddias sociais, artigos referente ao tema, como forma de alerta a popula\u00e7\u00e3o da import\u00e2ncia de ser debatido o assunto na comunidade.\u00a0<br /> O suic\u00eddio \u00e9 um ato evit\u00e1vel, a abertura ao di\u00e1logo e a compreens\u00e3o das raz\u00f5es que levam algu\u00e9m a ceifar a pr\u00f3pria vida pode reverter esse quadro.\u00a0</p>\r\n<p>A C\u00e2mara Municipal de Tr\u00eas Passos est\u00e1 engajada nesta luta a favor da vida!</p>", "author_name": "camaratp", "version": "1.0", "author_url": "https://www.trespassos.rs.leg.br/author/camaratp", "provider_name": "C\u00e2mara Municipal de Tr\u00eas Passos - RS", "type": "rich"}