{"provider_url": "https://www.trespassos.rs.leg.br", "title": "REALIZADA 43\u00aa SESS\u00c3O ORDIN\u00c1RIA DE 2025", "html": "<p><span>\u26a0\ufe0f\u00a0Devido \u00e0 necessidade de reformas urgentes no plen\u00e1rio desta Casa Legislativa, as sess\u00f5es est\u00e3o sendo realizadas temporariamente na sala de reuni\u00f5es, ao lado da C\u00e2mara Municipal.\u00a0Em raz\u00e3o do espa\u00e7o reduzido, a presen\u00e7a de p\u00fablico n\u00e3o ser\u00e1 poss\u00edvel neste per\u00edodo, podendo o acompanhamento ser feito pelos canais oficiais da C\u00e2mara.</span></p>\r\n<h3><span style=\"text-align: justify; \">\u25aa\ufe0f</span><span style=\"text-align: justify; \">No espa\u00e7o do\u00a0EXPEDIENTE\u00a0da sess\u00e3o, foram lidas e discutidas previamente as seguintes proposi\u00e7\u00f5es:\u00a0</span></h3>\r\n<p><a class=\"external-link\" href=\"https://sapl.trespassos.rs.leg.br/materia/6206\" target=\"_blank\" title=\"\">\u2705Projeto de Lei Ordin\u00e1ria n\u00ba 149 de 2025 - Autoriza altera\u00e7\u00e3o da LOA, exerc\u00edcio 2025, e abertura de cr\u00e9dito especial no valor de at\u00e9 R$ 1.600.000,00 (um milh\u00e3o e seiscentos mil reais). Autor: Rodrigo Alencar Bohn Glinke - Vice-Prefeito Municipal.</a></p>\r\n<p><span>Relatores designados nas Comiss\u00f5es Permanentes: COF Maria Helena Krumennauer.</span></p>\r\n<p><a class=\"external-link\" href=\"https://sapl.trespassos.rs.leg.br/materia/6207\" target=\"_blank\" title=\"\">\u2705Projeto de Lei Ordin\u00e1ria n\u00ba 150 de 2025 - Autoriza altera\u00e7\u00e3o da LOA, exerc\u00edcio 2025, e abertura de cr\u00e9dito adicional suplementar no valor de at\u00e9 R$ 1.200.000,00 (um milh\u00e3o e duzentos mil reais). Autor: Rodrigo Alencar Bohn Glinke - Vice-Prefeito Municipal.</a></p>\r\n<p><span>Relatores designados nas Comiss\u00f5es Permanentes: COF\u00a0</span><span>Maria Helena Krumennauer.</span></p>\r\n<p><a class=\"external-link\" href=\"https://sapl.trespassos.rs.leg.br/materia/6211\" target=\"_blank\" title=\"\">\u2705Projeto de Lei Ordin\u00e1ria n\u00ba 151 de 2025 - Institui turno diferenciado no servi\u00e7o municipal. Autor: Flavio habitzreiter - Presidente da C\u00e2mara Municipal.</a></p>\r\n<p><span>Relatores designados nas Comiss\u00f5es Permanentes: COF\u00a0</span><span>Maria Helena Krumennauer, CCJ Ingomar Sandtner.</span></p>\r\n<p><a class=\"external-link\" href=\"https://sapl.trespassos.rs.leg.br/materia/6212\" target=\"_blank\" title=\"\">\u2705Projeto de Lei Ordin\u00e1ria n\u00ba 152 de 2025 - Projeto de Lei Ordin\u00e1ria n\u00ba 152 de 2025 - Autoriza a contrata\u00e7\u00e3o emergencial de um facilitador de atividades f\u00edsicas. Autor: Flavio habitzreiter - Presidente da C\u00e2mara Municipal.</a></p>\r\n<p><span>Relatores designados nas Comiss\u00f5es Permanentes: COF\u00a0</span><span>Maria Helena Krumennauer, CCJ Luis Silva</span></p>\r\n<p><a class=\"external-link\" href=\"https://sapl.trespassos.rs.leg.br/materia/6213\" target=\"_blank\" title=\"\">\u2705Projeto de Lei Ordin\u00e1ria n\u00ba 153 de 2025 - Disp\u00f5e sobre o encerramento das atividades e a extin\u00e7\u00e3o do Conselho Municipal de Inclus\u00e3o Produtiva, revogando a Lei Municipal n\u00ba 4.683, de 28 de junho de 2012, e d\u00e1 outras provid\u00eancias. Autor: Flavio habitzreiter - Presidente da C\u00e2mara Municipal.</a></p>\r\n<p><span>Relatores designados nas Comiss\u00f5es Permanentes: COF\u00a0</span><span>Maria Helena Krumennauer, CCJ Ingomar Sandtner.</span></p>\r\n<p><a class=\"external-link\" href=\"https://sapl.trespassos.rs.leg.br/materia/6213\" target=\"_blank\" title=\"\"></a><a class=\"external-link\" href=\"https://sapl.trespassos.rs.leg.br/materia/6214\" target=\"_blank\" title=\"\">\u2705Projeto de Lei Ordin\u00e1ria n\u00ba 154 de 2025 - Altera a Lei Municipal n\u00ba 5.496, de 17 de setembro de 2019, que disp\u00f5e sobre a reestrutura\u00e7\u00e3o do plano de classifica\u00e7\u00e3o de cargos e fun\u00e7\u00f5es, cria\u00e7\u00e3o e extin\u00e7\u00e3o de cargos, estabelece o plano de pagamento e d\u00e1 outras provid\u00eancias. Autor: Flavio habitzreiter - Presidente da C\u00e2mara Municipal;</a></p>\r\n<p><span>Relatores designados nas Comiss\u00f5es Permanentes: COF\u00a0</span><span>Maria Helena Krumennauer, CCJ Ingomar Sandtner.</span></p>\r\n<p><a class=\"external-link\" href=\"https://sapl.trespassos.rs.leg.br/materia/6210\" target=\"_blank\" title=\"\">\u2705Emenda n\u00ba 18 de 2025 - Emenda modificativa \u00e0 proposta de emenda \u00e0 Lei Org\u00e2nica n\u00ba 2, de 2025, que altera a Lei Org\u00e2nica do Munic\u00edpio, para dar nova reda\u00e7\u00e3o ao regime das emendas parlamentares impositivas. Autores: Ingomar Sandtner, Paulo Sattler, Rosana Scherer, Sandro Radaelli.</a></p>\r\n<h3>\ud83d\udd38 Foram discutidos e votados, na Ordem do dia, os seguintes projetos de lei, que receberam pareceres favor\u00e1veis das Comiss\u00f5es Permanentes:</h3>\r\n<p><a class=\"external-link\" href=\"https://sapl.trespassos.rs.leg.br/materia/6210\" target=\"_blank\" title=\"\">\u2705Emenda n\u00ba 18 de 2025 - Emenda modificativa \u00e0 proposta de emenda \u00e0 Lei Org\u00e2nica n\u00ba 2, de 2025, que altera a Lei Org\u00e2nica do Munic\u00edpio, para dar nova reda\u00e7\u00e3o ao regime das emendas parlamentares impositivas. Autores: Ingomar Sandtner, Paulo Sattler, Rosana Scherer, Sandro Radaelli.</a></p>\r\n<p>\ud83d\udde3 Os vereadores que utilizaram o espa\u00e7o na discuss\u00e3o da mat\u00e9ria foram: Maria Helena Krumennauer.</p>\r\n<p>\u00a0\ud83c\udfdb\ufe0fAprovada por unanimidade.</p>\r\n<p><a class=\"external-link\" href=\"https://sapl.trespassos.rs.leg.br/materia/6191\" target=\"_blank\" title=\"\">\u2705\u00a0Proposta de Emenda \u00e0 Lei Org\u00e2nica n\u00ba 2 de 2025 - Altera a Lei Org\u00e2nica do Munic\u00edpio, para dar nova reda\u00e7\u00e3o ao regime das emendas parlamentares impositivas. Autor: Rodrigo Alencar Bohn Glinke - Vice-Prefeito Municipal.</a></p>\r\n<p><span>\u00a0\ud83c\udfdb\ufe0fAprovado por unanimidade.</span></p>\r\n<p><a class=\"external-link\" href=\"https://sapl.trespassos.rs.leg.br/materia/6193\" target=\"_blank\" title=\"\">\u2705\u00a0Projeto de Lei Ordin\u00e1ria n\u00ba 137 de 2025 - Altera a Lei Municipal n\u00ba 4.426, de 29 de outubro de 2010, a qual disp\u00f5e sobre o novo plano de carreira do magist\u00e9rio p\u00fablico municipal de Tr\u00eas Passos e d\u00e1 outras provid\u00eancias. Autor: Rodrigo Alencar Bohn Glinke - Vice-Prefeito Municipal.</a></p>\r\n<p>\ud83d\udde3 Os vereadores que utilizaram o espa\u00e7o na discuss\u00e3o da mat\u00e9ria foram: Ingomar Sandtner, Maria Helena Krumennauer, Rosana Scherer, Diego Maciel, Paulo Sattler, e Osvaldir Urnau.</p>\r\n<p>\u00a0\ud83c\udfdb\ufe0fAprovado por unanimidade.</p>\r\n<p><a class=\"external-link\" href=\"https://sapl.trespassos.rs.leg.br/materia/6201\" target=\"_blank\" title=\"\">\u2705Projeto de Lei Ordin\u00e1ria n\u00ba 144 de 2025 - Altera a Lei n\u00ba 5.080, de 23 de junho de 2015, que disp\u00f5e sobre aprova\u00e7\u00e3o do plano municipal decenal de educa\u00e7\u00e3o, para o dec\u00eanio 2015-2025. Autor: Rodrigo Alencar Bohn Glinke - Vice-Prefeito Municipal;</a></p>\r\n<p>\ud83d\udde3 Os vereadores que utilizaram o espa\u00e7o na discuss\u00e3o da mat\u00e9ria foram: Ingomar Sandtner e Maria Helena Krummenauer.\u00a0</p>\r\n<p>\u00a0\ud83c\udfdb\ufe0fAprovado por unanimidade.</p>\r\n<p><a class=\"external-link\" href=\"https://sapl.trespassos.rs.leg.br/materia/6203\" target=\"_blank\" title=\"\">\u2705Projeto de Lei Ordin\u00e1ria n\u00ba 146 de 2025 - Altera a Lei Municipal n\u00ba 5.496, de 17 de setembro de 2019, que disp\u00f5e sobre a reestrutura\u00e7\u00e3o do plano de classifica\u00e7\u00e3o de cargos e fun\u00e7\u00f5es, cria\u00e7\u00e3o e extin\u00e7\u00e3o de cargos, estabelece o plano de pagamento e d\u00e1 outras provid\u00eancias. Autor: Rodrigo Alencar Bohn Glinke - Vice-Prefeito Municipal;</a></p>\r\n<p>\ud83d\udde3 Os vereadores que utilizaram o espa\u00e7o na discuss\u00e3o da mat\u00e9ria foram: Ingomar Sandtner e Maria Helena Krummenauer.\u00a0</p>\r\n<p>\u00a0\ud83c\udfdb\ufe0fAprovado por unanimidade.</p>\r\n<p><a class=\"external-link\" href=\"https://sapl.trespassos.rs.leg.br/materia/6204\" target=\"_blank\" title=\"\">\u2705Projeto de Lei Ordin\u00e1ria n\u00ba 147 de 2025 - Autoriza o Poder Executivo a firmar conv\u00eanio com a Associa\u00e7\u00e3o Hospital de Caridade de Tr\u00eas Passos \u2013 AHCTP. Autor: Rodrigo Alencar Bohn Glinke - Vice-Prefeito Municipal;</a></p>\r\n<p>\ud83d\udde3 Os vereadores que utilizaram o espa\u00e7o na discuss\u00e3o da mat\u00e9ria foram: Sandro Radaellim, Maria Helena Krummenauer e Diego Maciel.</p>\r\n<p>\u00a0\ud83c\udfdb\ufe0fAprovado por unanimidade.</p>\r\n<p><a class=\"external-link\" href=\"https://sapl.trespassos.rs.leg.br/materia/6187\" target=\"_blank\" title=\"\">\u00a0\u2705Projeto de Lei Legislativo n\u00ba 11 de 2025 - Disp\u00f5e sobre o reconhecimento dos banheiros das escolas municipais como instala\u00e7\u00f5es de uso coletivo e de grande circula\u00e7\u00e3o. Autores: Diego Maciel, Paulo Sattler, Sandro Radaelli.</a></p>\r\n<p>\ud83d\udde3 Os vereadores que utilizaram o espa\u00e7o na discuss\u00e3o da mat\u00e9ria foram: Sandro Radaelli, Paulo Sattler, Fl\u00e1vio Habitzreiter e Diego Maciel.\u00a0</p>\r\n<p>\u00a0\ud83c\udfdb\ufe0fAprovado por unanimidade.</p>\r\n<p>\u00a0</p>\r\n<p>O vereador Paulo Sattler usou o espa\u00e7o das comunica\u00e7\u00f5es parlamentares.\u00a0</p>", "author_name": "", "version": "1.0", "author_url": "https://www.trespassos.rs.leg.br/author/Camara", "provider_name": "C\u00e2mara Municipal de Tr\u00eas Passos - RS", "type": "rich"}